{"id":58,"date":"2023-05-03T12:14:59","date_gmt":"2023-05-03T10:14:59","guid":{"rendered":"https:\/\/www.carmel.sk\/kaviaren\/?p=58"},"modified":"2023-05-10T21:29:25","modified_gmt":"2023-05-10T19:29:25","slug":"vynimocne-dni","status":"publish","type":"post","link":"https:\/\/www.carmel.sk\/kaviaren\/index.php\/2023\/05\/03\/vynimocne-dni\/","title":{"rendered":"V\u00fdnimo\u010dn\u00e9 dni v Carmeli"},"content":{"rendered":"\n<p>V\u00e1\u017eime si na\u0161ich z\u00e1kazn\u00edkov a preto m\u00e1me pre v\u00e1s st\u00e1le pripraven\u00e9 zauj\u00edmav\u00e9 akcie na \u0161peci\u00e1lne dni. <\/p>\n\n\n\n<p><strong>Osl\u00e1vite u n\u00e1s De\u0148 matiek, Medzin\u00e1rodn\u00fd de\u0148 \u017eien, Medzin\u00e1rodn\u00fd de\u0148 det\u00ed. <\/strong>Nezab\u00fadame na V<strong>alent\u00edna a t\u00fd\u017ede\u0148 man\u017eelstva<\/strong>. Taktie\u017e odmen\u00edm oteckov po\u010das <strong>D\u0148a otcov<\/strong>. <\/p>\n\n\n\n<p><strong>U\u010dite\u013eov<\/strong> zase pote\u0161\u00edme po\u010das ich sviatku. <\/p>\n\n\n\n<p>\u010ci u\u017e je to z\u013eava, drobnos\u0165, mo\u017enos\u0165 si v tento de\u0148 nie\u010do vyrobi\u0165 v na\u0161ej dielni\u010dke alebo \u0161peci\u00e1lne menu, u n\u00e1s sa m\u00e1te na \u010do te\u0161i\u0165. <\/p>\n\n\n\n<p>A ak m\u00e1te nejak\u00fd n\u00e1vrh, ktor\u00fd by ste priv\u00edtali, nev\u00e1hajte n\u00e1m nap\u00edsa\u0165 \ud83d\ude42<\/p>\n\n\n\n<figure class=\"wp-block-image size-large\"><img loading=\"lazy\" decoding=\"async\" width=\"1024\" height=\"90\" src=\"https:\/\/www.carmel.sk\/kaviaren\/wp-content\/uploads\/2023\/05\/predel_kava-1024x90.png\" alt=\"\" class=\"wp-image-99\" srcset=\"https:\/\/www.carmel.sk\/kaviaren\/wp-content\/uploads\/2023\/05\/predel_kava-1024x90.png 1024w, https:\/\/www.carmel.sk\/kaviaren\/wp-content\/uploads\/2023\/05\/predel_kava-300x26.png 300w, https:\/\/www.carmel.sk\/kaviaren\/wp-content\/uploads\/2023\/05\/predel_kava-768x67.png 768w, https:\/\/www.carmel.sk\/kaviaren\/wp-content\/uploads\/2023\/05\/predel_kava-1536x135.png 1536w, https:\/\/www.carmel.sk\/kaviaren\/wp-content\/uploads\/2023\/05\/predel_kava-2048x179.png 2048w, https:\/\/www.carmel.sk\/kaviaren\/wp-content\/uploads\/2023\/05\/predel_kava-600x53.png 600w\" sizes=\"auto, (max-width: 1024px) 100vw, 1024px\" \/><\/figure>\n","protected":false},"excerpt":{"rendered":"<p>V\u00e1\u017eime si na\u0161ich z\u00e1kazn\u00edkov a preto m\u00e1me pre v\u00e1s st\u00e1le pripraven\u00e9 zauj\u00edmav\u00e9 akcie na \u0161peci\u00e1lne dni. Osl\u00e1vite u n\u00e1s De\u0148 matiek, Medzin\u00e1rodn\u00fd de\u0148 \u017eien, Medzin\u00e1rodn\u00fd de\u0148 det\u00ed. Nezab\u00fadame na Valent\u00edna a t\u00fd\u017ede\u0148 man\u017eelstva. Taktie\u017e odmen\u00edm oteckov po\u010das D\u0148a otcov. U\u010dite\u013eov zase pote\u0161\u00edme po\u010das ich sviatku. \u010ci u\u017e je to z\u013eava, drobnos\u0165, mo\u017enos\u0165 si v tento &hellip; <\/p>\n","protected":false},"author":1,"featured_media":152,"comment_status":"closed","ping_status":"closed","sticky":false,"template":"","format":"standard","meta":{"_monsterinsights_skip_tracking":false,"_monsterinsights_sitenote_active":false,"_monsterinsights_sitenote_note":"","_monsterinsights_sitenote_category":0,"footnotes":""},"categories":[1],"tags":[],"class_list":["post-58","post","type-post","status-publish","format-standard","has-post-thumbnail","hentry","category-zaujimavosti"],"yoast_head":"<!-- This site is optimized with the Yoast SEO plugin v27.3 - https:\/\/yoast.com\/product\/yoast-seo-wordpress\/ -->\n<title>V\u00fdnimo\u010dn\u00e9 dni v Carmeli - kaviare\u0148<\/title>\n<meta name=\"robots\" content=\"index, follow, max-snippet:-1, max-image-preview:large, max-video-preview:-1\" \/>\n<link rel=\"canonical\" href=\"https:\/\/www.carmel.sk\/kaviaren\/index.php\/2023\/05\/03\/vynimocne-dni\/\" \/>\n<meta property=\"og:locale\" content=\"sk_SK\" \/>\n<meta property=\"og:type\" content=\"article\" \/>\n<meta property=\"og:title\" content=\"V\u00fdnimo\u010dn\u00e9 dni v Carmeli - kaviare\u0148\" \/>\n<meta property=\"og:description\" content=\"V\u00e1\u017eime si na\u0161ich z\u00e1kazn\u00edkov a preto m\u00e1me pre v\u00e1s st\u00e1le pripraven\u00e9 zauj\u00edmav\u00e9 akcie na \u0161peci\u00e1lne dni. Osl\u00e1vite u n\u00e1s De\u0148 matiek, Medzin\u00e1rodn\u00fd de\u0148 \u017eien, Medzin\u00e1rodn\u00fd de\u0148 det\u00ed. Nezab\u00fadame na Valent\u00edna a t\u00fd\u017ede\u0148 man\u017eelstva. Taktie\u017e odmen\u00edm oteckov po\u010das D\u0148a otcov. U\u010dite\u013eov zase pote\u0161\u00edme po\u010das ich sviatku. \u010ci u\u017e je to z\u013eava, drobnos\u0165, mo\u017enos\u0165 si v tento &hellip;\" \/>\n<meta property=\"og:url\" content=\"https:\/\/www.carmel.sk\/kaviaren\/index.php\/2023\/05\/03\/vynimocne-dni\/\" \/>\n<meta property=\"og:site_name\" content=\"kaviare\u0148\" \/>\n<meta property=\"article:published_time\" content=\"2023-05-03T10:14:59+00:00\" \/>\n<meta property=\"article:modified_time\" content=\"2023-05-10T19:29:25+00:00\" \/>\n<meta property=\"og:image\" content=\"https:\/\/www.carmel.sk\/kaviaren\/wp-content\/uploads\/2023\/05\/zakusok-secovce.jpg\" \/>\n\t<meta property=\"og:image:width\" content=\"2126\" \/>\n\t<meta property=\"og:image:height\" content=\"2126\" \/>\n\t<meta property=\"og:image:type\" content=\"image\/jpeg\" \/>\n<meta name=\"author\" content=\"admin\" \/>\n<meta name=\"twitter:card\" content=\"summary_large_image\" \/>\n<meta name=\"twitter:label1\" content=\"Autor\" \/>\n\t<meta name=\"twitter:data1\" content=\"admin\" \/>\n\t<meta name=\"twitter:label2\" content=\"Predpokladan\u00fd \u010das \u010d\u00edtania\" \/>\n\t<meta name=\"twitter:data2\" content=\"1 min\u00fata\" \/>\n<script type=\"application\/ld+json\" class=\"yoast-schema-graph\">{\"@context\":\"https:\\\/\\\/schema.org\",\"@graph\":[{\"@type\":\"Article\",\"@id\":\"https:\\\/\\\/www.carmel.sk\\\/kaviaren\\\/index.php\\\/2023\\\/05\\\/03\\\/vynimocne-dni\\\/#article\",\"isPartOf\":{\"@id\":\"https:\\\/\\\/www.carmel.sk\\\/kaviaren\\\/index.php\\\/2023\\\/05\\\/03\\\/vynimocne-dni\\\/\"},\"author\":{\"name\":\"admin\",\"@id\":\"https:\\\/\\\/www.carmel.sk\\\/kaviaren\\\/#\\\/schema\\\/person\\\/675394734afd0f3cb505ec9807f97302\"},\"headline\":\"V\u00fdnimo\u010dn\u00e9 dni v Carmeli\",\"datePublished\":\"2023-05-03T10:14:59+00:00\",\"dateModified\":\"2023-05-10T19:29:25+00:00\",\"mainEntityOfPage\":{\"@id\":\"https:\\\/\\\/www.carmel.sk\\\/kaviaren\\\/index.php\\\/2023\\\/05\\\/03\\\/vynimocne-dni\\\/\"},\"wordCount\":128,\"publisher\":{\"@id\":\"https:\\\/\\\/www.carmel.sk\\\/kaviaren\\\/#organization\"},\"image\":{\"@id\":\"https:\\\/\\\/www.carmel.sk\\\/kaviaren\\\/index.php\\\/2023\\\/05\\\/03\\\/vynimocne-dni\\\/#primaryimage\"},\"thumbnailUrl\":\"https:\\\/\\\/www.carmel.sk\\\/kaviaren\\\/wp-content\\\/uploads\\\/2023\\\/05\\\/zakusok-secovce.jpg\",\"articleSection\":[\"Zauj\u00edmavosti\"],\"inLanguage\":\"sk-SK\"},{\"@type\":\"WebPage\",\"@id\":\"https:\\\/\\\/www.carmel.sk\\\/kaviaren\\\/index.php\\\/2023\\\/05\\\/03\\\/vynimocne-dni\\\/\",\"url\":\"https:\\\/\\\/www.carmel.sk\\\/kaviaren\\\/index.php\\\/2023\\\/05\\\/03\\\/vynimocne-dni\\\/\",\"name\":\"V\u00fdnimo\u010dn\u00e9 dni v Carmeli - kaviare\u0148\",\"isPartOf\":{\"@id\":\"https:\\\/\\\/www.carmel.sk\\\/kaviaren\\\/#website\"},\"primaryImageOfPage\":{\"@id\":\"https:\\\/\\\/www.carmel.sk\\\/kaviaren\\\/index.php\\\/2023\\\/05\\\/03\\\/vynimocne-dni\\\/#primaryimage\"},\"image\":{\"@id\":\"https:\\\/\\\/www.carmel.sk\\\/kaviaren\\\/index.php\\\/2023\\\/05\\\/03\\\/vynimocne-dni\\\/#primaryimage\"},\"thumbnailUrl\":\"https:\\\/\\\/www.carmel.sk\\\/kaviaren\\\/wp-content\\\/uploads\\\/2023\\\/05\\\/zakusok-secovce.jpg\",\"datePublished\":\"2023-05-03T10:14:59+00:00\",\"dateModified\":\"2023-05-10T19:29:25+00:00\",\"breadcrumb\":{\"@id\":\"https:\\\/\\\/www.carmel.sk\\\/kaviaren\\\/index.php\\\/2023\\\/05\\\/03\\\/vynimocne-dni\\\/#breadcrumb\"},\"inLanguage\":\"sk-SK\",\"potentialAction\":[{\"@type\":\"ReadAction\",\"target\":[\"https:\\\/\\\/www.carmel.sk\\\/kaviaren\\\/index.php\\\/2023\\\/05\\\/03\\\/vynimocne-dni\\\/\"]}]},{\"@type\":\"ImageObject\",\"inLanguage\":\"sk-SK\",\"@id\":\"https:\\\/\\\/www.carmel.sk\\\/kaviaren\\\/index.php\\\/2023\\\/05\\\/03\\\/vynimocne-dni\\\/#primaryimage\",\"url\":\"https:\\\/\\\/www.carmel.sk\\\/kaviaren\\\/wp-content\\\/uploads\\\/2023\\\/05\\\/zakusok-secovce.jpg\",\"contentUrl\":\"https:\\\/\\\/www.carmel.sk\\\/kaviaren\\\/wp-content\\\/uploads\\\/2023\\\/05\\\/zakusok-secovce.jpg\",\"width\":2126,\"height\":2126,\"caption\":\"k\u00e1va, \u010daj, \u010dokol\u00e1da - se\u010dovce\"},{\"@type\":\"BreadcrumbList\",\"@id\":\"https:\\\/\\\/www.carmel.sk\\\/kaviaren\\\/index.php\\\/2023\\\/05\\\/03\\\/vynimocne-dni\\\/#breadcrumb\",\"itemListElement\":[{\"@type\":\"ListItem\",\"position\":1,\"name\":\"Home\",\"item\":\"https:\\\/\\\/www.carmel.sk\\\/kaviaren\\\/\"},{\"@type\":\"ListItem\",\"position\":2,\"name\":\"V\u00fdnimo\u010dn\u00e9 dni v Carmeli\"}]},{\"@type\":\"WebSite\",\"@id\":\"https:\\\/\\\/www.carmel.sk\\\/kaviaren\\\/#website\",\"url\":\"https:\\\/\\\/www.carmel.sk\\\/kaviaren\\\/\",\"name\":\"kaviare\u0148\",\"description\":\"\",\"publisher\":{\"@id\":\"https:\\\/\\\/www.carmel.sk\\\/kaviaren\\\/#organization\"},\"potentialAction\":[{\"@type\":\"SearchAction\",\"target\":{\"@type\":\"EntryPoint\",\"urlTemplate\":\"https:\\\/\\\/www.carmel.sk\\\/kaviaren\\\/?s={search_term_string}\"},\"query-input\":{\"@type\":\"PropertyValueSpecification\",\"valueRequired\":true,\"valueName\":\"search_term_string\"}}],\"inLanguage\":\"sk-SK\"},{\"@type\":\"Organization\",\"@id\":\"https:\\\/\\\/www.carmel.sk\\\/kaviaren\\\/#organization\",\"name\":\"kaviare\u0148\",\"url\":\"https:\\\/\\\/www.carmel.sk\\\/kaviaren\\\/\",\"logo\":{\"@type\":\"ImageObject\",\"inLanguage\":\"sk-SK\",\"@id\":\"https:\\\/\\\/www.carmel.sk\\\/kaviaren\\\/#\\\/schema\\\/logo\\\/image\\\/\",\"url\":\"https:\\\/\\\/www.carmel.sk\\\/kaviaren\\\/wp-content\\\/uploads\\\/2023\\\/05\\\/cropped-web_logo-1.png\",\"contentUrl\":\"https:\\\/\\\/www.carmel.sk\\\/kaviaren\\\/wp-content\\\/uploads\\\/2023\\\/05\\\/cropped-web_logo-1.png\",\"width\":1370,\"height\":236,\"caption\":\"kaviare\u0148\"},\"image\":{\"@id\":\"https:\\\/\\\/www.carmel.sk\\\/kaviaren\\\/#\\\/schema\\\/logo\\\/image\\\/\"}},{\"@type\":\"Person\",\"@id\":\"https:\\\/\\\/www.carmel.sk\\\/kaviaren\\\/#\\\/schema\\\/person\\\/675394734afd0f3cb505ec9807f97302\",\"name\":\"admin\",\"image\":{\"@type\":\"ImageObject\",\"inLanguage\":\"sk-SK\",\"@id\":\"https:\\\/\\\/secure.gravatar.com\\\/avatar\\\/76765655c3c0fdd048ae6c8899d243400a415d89896434d1b6d8f9460ca1f413?s=96&d=mm&r=g\",\"url\":\"https:\\\/\\\/secure.gravatar.com\\\/avatar\\\/76765655c3c0fdd048ae6c8899d243400a415d89896434d1b6d8f9460ca1f413?s=96&d=mm&r=g\",\"contentUrl\":\"https:\\\/\\\/secure.gravatar.com\\\/avatar\\\/76765655c3c0fdd048ae6c8899d243400a415d89896434d1b6d8f9460ca1f413?s=96&d=mm&r=g\",\"caption\":\"admin\"},\"sameAs\":[\"https:\\\/\\\/www.carmel.sk\\\/kaviaren\"],\"url\":\"https:\\\/\\\/www.carmel.sk\\\/kaviaren\\\/index.php\\\/author\\\/admin\\\/\"}]}<\/script>\n<!-- \/ Yoast SEO plugin. -->","yoast_head_json":{"title":"V\u00fdnimo\u010dn\u00e9 dni v Carmeli - kaviare\u0148","robots":{"index":"index","follow":"follow","max-snippet":"max-snippet:-1","max-image-preview":"max-image-preview:large","max-video-preview":"max-video-preview:-1"},"canonical":"https:\/\/www.carmel.sk\/kaviaren\/index.php\/2023\/05\/03\/vynimocne-dni\/","og_locale":"sk_SK","og_type":"article","og_title":"V\u00fdnimo\u010dn\u00e9 dni v Carmeli - kaviare\u0148","og_description":"V\u00e1\u017eime si na\u0161ich z\u00e1kazn\u00edkov a preto m\u00e1me pre v\u00e1s st\u00e1le pripraven\u00e9 zauj\u00edmav\u00e9 akcie na \u0161peci\u00e1lne dni. Osl\u00e1vite u n\u00e1s De\u0148 matiek, Medzin\u00e1rodn\u00fd de\u0148 \u017eien, Medzin\u00e1rodn\u00fd de\u0148 det\u00ed. Nezab\u00fadame na Valent\u00edna a t\u00fd\u017ede\u0148 man\u017eelstva. Taktie\u017e odmen\u00edm oteckov po\u010das D\u0148a otcov. U\u010dite\u013eov zase pote\u0161\u00edme po\u010das ich sviatku. \u010ci u\u017e je to z\u013eava, drobnos\u0165, mo\u017enos\u0165 si v tento &hellip;","og_url":"https:\/\/www.carmel.sk\/kaviaren\/index.php\/2023\/05\/03\/vynimocne-dni\/","og_site_name":"kaviare\u0148","article_published_time":"2023-05-03T10:14:59+00:00","article_modified_time":"2023-05-10T19:29:25+00:00","og_image":[{"width":2126,"height":2126,"url":"https:\/\/www.carmel.sk\/kaviaren\/wp-content\/uploads\/2023\/05\/zakusok-secovce.jpg","type":"image\/jpeg"}],"author":"admin","twitter_card":"summary_large_image","twitter_misc":{"Autor":"admin","Predpokladan\u00fd \u010das \u010d\u00edtania":"1 min\u00fata"},"schema":{"@context":"https:\/\/schema.org","@graph":[{"@type":"Article","@id":"https:\/\/www.carmel.sk\/kaviaren\/index.php\/2023\/05\/03\/vynimocne-dni\/#article","isPartOf":{"@id":"https:\/\/www.carmel.sk\/kaviaren\/index.php\/2023\/05\/03\/vynimocne-dni\/"},"author":{"name":"admin","@id":"https:\/\/www.carmel.sk\/kaviaren\/#\/schema\/person\/675394734afd0f3cb505ec9807f97302"},"headline":"V\u00fdnimo\u010dn\u00e9 dni v Carmeli","datePublished":"2023-05-03T10:14:59+00:00","dateModified":"2023-05-10T19:29:25+00:00","mainEntityOfPage":{"@id":"https:\/\/www.carmel.sk\/kaviaren\/index.php\/2023\/05\/03\/vynimocne-dni\/"},"wordCount":128,"publisher":{"@id":"https:\/\/www.carmel.sk\/kaviaren\/#organization"},"image":{"@id":"https:\/\/www.carmel.sk\/kaviaren\/index.php\/2023\/05\/03\/vynimocne-dni\/#primaryimage"},"thumbnailUrl":"https:\/\/www.carmel.sk\/kaviaren\/wp-content\/uploads\/2023\/05\/zakusok-secovce.jpg","articleSection":["Zauj\u00edmavosti"],"inLanguage":"sk-SK"},{"@type":"WebPage","@id":"https:\/\/www.carmel.sk\/kaviaren\/index.php\/2023\/05\/03\/vynimocne-dni\/","url":"https:\/\/www.carmel.sk\/kaviaren\/index.php\/2023\/05\/03\/vynimocne-dni\/","name":"V\u00fdnimo\u010dn\u00e9 dni v Carmeli - kaviare\u0148","isPartOf":{"@id":"https:\/\/www.carmel.sk\/kaviaren\/#website"},"primaryImageOfPage":{"@id":"https:\/\/www.carmel.sk\/kaviaren\/index.php\/2023\/05\/03\/vynimocne-dni\/#primaryimage"},"image":{"@id":"https:\/\/www.carmel.sk\/kaviaren\/index.php\/2023\/05\/03\/vynimocne-dni\/#primaryimage"},"thumbnailUrl":"https:\/\/www.carmel.sk\/kaviaren\/wp-content\/uploads\/2023\/05\/zakusok-secovce.jpg","datePublished":"2023-05-03T10:14:59+00:00","dateModified":"2023-05-10T19:29:25+00:00","breadcrumb":{"@id":"https:\/\/www.carmel.sk\/kaviaren\/index.php\/2023\/05\/03\/vynimocne-dni\/#breadcrumb"},"inLanguage":"sk-SK","potentialAction":[{"@type":"ReadAction","target":["https:\/\/www.carmel.sk\/kaviaren\/index.php\/2023\/05\/03\/vynimocne-dni\/"]}]},{"@type":"ImageObject","inLanguage":"sk-SK","@id":"https:\/\/www.carmel.sk\/kaviaren\/index.php\/2023\/05\/03\/vynimocne-dni\/#primaryimage","url":"https:\/\/www.carmel.sk\/kaviaren\/wp-content\/uploads\/2023\/05\/zakusok-secovce.jpg","contentUrl":"https:\/\/www.carmel.sk\/kaviaren\/wp-content\/uploads\/2023\/05\/zakusok-secovce.jpg","width":2126,"height":2126,"caption":"k\u00e1va, \u010daj, \u010dokol\u00e1da - se\u010dovce"},{"@type":"BreadcrumbList","@id":"https:\/\/www.carmel.sk\/kaviaren\/index.php\/2023\/05\/03\/vynimocne-dni\/#breadcrumb","itemListElement":[{"@type":"ListItem","position":1,"name":"Home","item":"https:\/\/www.carmel.sk\/kaviaren\/"},{"@type":"ListItem","position":2,"name":"V\u00fdnimo\u010dn\u00e9 dni v Carmeli"}]},{"@type":"WebSite","@id":"https:\/\/www.carmel.sk\/kaviaren\/#website","url":"https:\/\/www.carmel.sk\/kaviaren\/","name":"kaviare\u0148","description":"","publisher":{"@id":"https:\/\/www.carmel.sk\/kaviaren\/#organization"},"potentialAction":[{"@type":"SearchAction","target":{"@type":"EntryPoint","urlTemplate":"https:\/\/www.carmel.sk\/kaviaren\/?s={search_term_string}"},"query-input":{"@type":"PropertyValueSpecification","valueRequired":true,"valueName":"search_term_string"}}],"inLanguage":"sk-SK"},{"@type":"Organization","@id":"https:\/\/www.carmel.sk\/kaviaren\/#organization","name":"kaviare\u0148","url":"https:\/\/www.carmel.sk\/kaviaren\/","logo":{"@type":"ImageObject","inLanguage":"sk-SK","@id":"https:\/\/www.carmel.sk\/kaviaren\/#\/schema\/logo\/image\/","url":"https:\/\/www.carmel.sk\/kaviaren\/wp-content\/uploads\/2023\/05\/cropped-web_logo-1.png","contentUrl":"https:\/\/www.carmel.sk\/kaviaren\/wp-content\/uploads\/2023\/05\/cropped-web_logo-1.png","width":1370,"height":236,"caption":"kaviare\u0148"},"image":{"@id":"https:\/\/www.carmel.sk\/kaviaren\/#\/schema\/logo\/image\/"}},{"@type":"Person","@id":"https:\/\/www.carmel.sk\/kaviaren\/#\/schema\/person\/675394734afd0f3cb505ec9807f97302","name":"admin","image":{"@type":"ImageObject","inLanguage":"sk-SK","@id":"https:\/\/secure.gravatar.com\/avatar\/76765655c3c0fdd048ae6c8899d243400a415d89896434d1b6d8f9460ca1f413?s=96&d=mm&r=g","url":"https:\/\/secure.gravatar.com\/avatar\/76765655c3c0fdd048ae6c8899d243400a415d89896434d1b6d8f9460ca1f413?s=96&d=mm&r=g","contentUrl":"https:\/\/secure.gravatar.com\/avatar\/76765655c3c0fdd048ae6c8899d243400a415d89896434d1b6d8f9460ca1f413?s=96&d=mm&r=g","caption":"admin"},"sameAs":["https:\/\/www.carmel.sk\/kaviaren"],"url":"https:\/\/www.carmel.sk\/kaviaren\/index.php\/author\/admin\/"}]}},"_links":{"self":[{"href":"https:\/\/www.carmel.sk\/kaviaren\/index.php\/wp-json\/wp\/v2\/posts\/58","targetHints":{"allow":["GET"]}}],"collection":[{"href":"https:\/\/www.carmel.sk\/kaviaren\/index.php\/wp-json\/wp\/v2\/posts"}],"about":[{"href":"https:\/\/www.carmel.sk\/kaviaren\/index.php\/wp-json\/wp\/v2\/types\/post"}],"author":[{"embeddable":true,"href":"https:\/\/www.carmel.sk\/kaviaren\/index.php\/wp-json\/wp\/v2\/users\/1"}],"replies":[{"embeddable":true,"href":"https:\/\/www.carmel.sk\/kaviaren\/index.php\/wp-json\/wp\/v2\/comments?post=58"}],"version-history":[{"count":5,"href":"https:\/\/www.carmel.sk\/kaviaren\/index.php\/wp-json\/wp\/v2\/posts\/58\/revisions"}],"predecessor-version":[{"id":154,"href":"https:\/\/www.carmel.sk\/kaviaren\/index.php\/wp-json\/wp\/v2\/posts\/58\/revisions\/154"}],"wp:featuredmedia":[{"embeddable":true,"href":"https:\/\/www.carmel.sk\/kaviaren\/index.php\/wp-json\/wp\/v2\/media\/152"}],"wp:attachment":[{"href":"https:\/\/www.carmel.sk\/kaviaren\/index.php\/wp-json\/wp\/v2\/media?parent=58"}],"wp:term":[{"taxonomy":"category","embeddable":true,"href":"https:\/\/www.carmel.sk\/kaviaren\/index.php\/wp-json\/wp\/v2\/categories?post=58"},{"taxonomy":"post_tag","embeddable":true,"href":"https:\/\/www.carmel.sk\/kaviaren\/index.php\/wp-json\/wp\/v2\/tags?post=58"}],"curies":[{"name":"wp","href":"https:\/\/api.w.org\/{rel}","templated":true}]}}