{"id":263,"date":"2024-01-10T20:52:51","date_gmt":"2024-01-10T19:52:51","guid":{"rendered":"https:\/\/www.carmel.sk\/kaviaren\/?p=263"},"modified":"2024-01-10T21:42:07","modified_gmt":"2024-01-10T20:42:07","slug":"vitaj-novy-rok","status":"publish","type":"post","link":"https:\/\/www.carmel.sk\/kaviaren\/index.php\/2024\/01\/10\/vitaj-novy-rok\/","title":{"rendered":"Vitaj nov\u00fd rok!!"},"content":{"rendered":"\n<p class=\"has-text-align-left has-medium-font-size\">\u0160tart do nov\u00e9ho roka sme v komunitnej kaviarni od\u0161tartovali koncertom mladej talentovanej spev\u00e1\u010dky Al\u017ebety Benedekovej. Po\u010das komorn\u00e9ho koncertu sme si vypo\u010duli kr\u00e1sne piesne, ktor\u00e9 n\u00e1m pomohli zastavi\u0165 sa, zamyslie\u0165 a vychutna\u0165 si \u010daro pr\u00edtomn\u00e9ho okamihu. S\u00fa\u010das\u0165ou koncertu boli aj na\u0161e lahodn\u00e9 n\u00e1poje zo zimnej ponuky, ktor\u00e9 si n\u00e1v\u0161tevn\u00edci mohli vychutna\u0165. Op\u00e4\u0165 chutili kvalitn\u00e9 sypan\u00e9 \u010daje z rodinnej slovenskej firmy WILFRED, prav\u00e9 belgick\u00e9 hor\u00face \u010dokol\u00e1dy r\u00f4znych pr\u00edchut\u00ed ako aj lahodn\u00e9 cappucino s r\u00f4znymi pr\u00edchu\u0165ami \u010di na\u0161e zimn\u00e9 pernikov\u00e9 latt\u00e9. <\/p>\n\n\n\n<figure class=\"wp-block-image size-large\"><img loading=\"lazy\" decoding=\"async\" width=\"698\" height=\"1024\" src=\"https:\/\/www.carmel.sk\/kaviaren\/wp-content\/uploads\/2024\/01\/image1-34-2-698x1024.jpeg\" alt=\"\" class=\"wp-image-276\" srcset=\"https:\/\/www.carmel.sk\/kaviaren\/wp-content\/uploads\/2024\/01\/image1-34-2-698x1024.jpeg 698w, https:\/\/www.carmel.sk\/kaviaren\/wp-content\/uploads\/2024\/01\/image1-34-2-204x300.jpeg 204w, https:\/\/www.carmel.sk\/kaviaren\/wp-content\/uploads\/2024\/01\/image1-34-2-768x1127.jpeg 768w, https:\/\/www.carmel.sk\/kaviaren\/wp-content\/uploads\/2024\/01\/image1-34-2-41x60.jpeg 41w, https:\/\/www.carmel.sk\/kaviaren\/wp-content\/uploads\/2024\/01\/image1-34-2.jpeg 918w\" sizes=\"auto, (max-width: 698px) 100vw, 698px\" \/><\/figure>\n\n\n\n<h2 class=\"wp-block-heading\">Na\u0161e pl\u00e1ny?<\/h2>\n\n\n\n<p>Tradi\u010dne aj my na za\u010diatku roka pl\u00e1nujeme, bilancujeme, hodnot\u00edme a pripravujeme sa na aktivity, ktor\u00e9 n\u00e1s \u010dakaj\u00fa. V\u0161etko m\u00e1 ale spolo\u010dn\u00fd cie\u013e:<em><strong> <\/strong><\/em><\/p>\n\n\n\n<p>&#8222;<em><strong>Aj na\u010falej vytv\u00e1ra\u0165 lok\u00e1lny komunitn\u00fd priestor, v\u010faka ktor\u00e9mu m\u00f4\u017eeme spolo\u010dne plnohodnotne tr\u00e1vi\u0165 vo\u013en\u00fd \u010das.<\/strong><\/em>&#8222;<\/p>\n\n\n\n<p>S\u00fa\u010das\u0165ou na\u0161ich aktiv\u00edt je h\u013eadanie \u010fal\u0161\u00edch mo\u017enost\u00ed, roz\u0161irovanie aktiv\u00edt a tak sme sa zapojili tento rok do v\u00fdzvy TESCO &#8222;<em>Vy rozhodujete, my pom\u00e1hame<\/em>&#8222;. S rados\u0165ou V\u00e1m m\u00f4\u017eeme poveda\u0165, \u017ee n\u00e1\u0161 projekt bol vybran\u00fd medzi 3 najlep\u0161ie v na\u0161om regi\u00f3ne a od 15.1.2023 do 11.2.2023  ho m\u00f4\u017eete podpori\u0165 v TESCO Se\u010dovce pri ka\u017edom n\u00e1kupe vhoden\u00fdm \u017eet\u00f3nov. <\/p>\n\n\n\n<p>Projekt &#8222;<strong><em>Komunitn\u00e1 kaviare\u0148<\/em><\/strong>&#8220; n\u00e1m pom\u00f4\u017ee lep\u0161ie spr\u00edstupni\u0165 miestnos\u0165 v kaviarni, ktor\u00e1 ma svoje \u010daro v\u010faka rozpr\u00e1vkovej piecke a mno\u017estvu kn\u00edh a my potrebujeme tento priestor lep\u0161ie rozlo\u017ei\u0165, zefekt\u00edvni\u0165 a doplni\u0165 spolo\u010densk\u00fdmi hrami v\u0161etk\u00fdch kateg\u00f3ri\u00ed ako aj nov\u00fdmi zauj\u00edmav\u00fdmi knihami. A vy n\u00e1m v tom m\u00f4\u017eete pom\u00f4c\u0165:-) Srde\u010dne V\u00e1m \u010fakujeme za ka\u017ed\u00fd \u017eet\u00f3n, ktor\u00fd hod\u00edte k n\u00e1\u0161mu projektu.<\/p>\n\n\n\n<p>Zoznam workshopov na najbli\u017e\u0161ie obdobie V\u00e1m \u010dochv\u00ed\u013ea prezrad\u00edme tie\u017e:-)<\/p>\n\n\n\n<p>Majte kr\u00e1sne zimn\u00e9 dni a te\u0161\u00edme sa na Va\u0161u n\u00e1v\u0161tevu v komunitnej kaviarni:-)<\/p>\n\n\n\n<p>Carmel t\u00edm<\/p>\n","protected":false},"excerpt":{"rendered":"<p>\u0160tart do nov\u00e9ho roka sme v komunitnej kaviarni od\u0161tartovali koncertom mladej talentovanej spev\u00e1\u010dky Al\u017ebety Benedekovej. Po\u010das komorn\u00e9ho koncertu sme si vypo\u010duli kr\u00e1sne piesne, ktor\u00e9 n\u00e1m pomohli zastavi\u0165 sa, zamyslie\u0165 a vychutna\u0165 si \u010daro pr\u00edtomn\u00e9ho okamihu. S\u00fa\u010das\u0165ou koncertu boli aj na\u0161e lahodn\u00e9 n\u00e1poje zo zimnej ponuky, ktor\u00e9 si n\u00e1v\u0161tevn\u00edci mohli vychutna\u0165. Op\u00e4\u0165 chutili kvalitn\u00e9 sypan\u00e9 \u010daje &hellip; <\/p>\n","protected":false},"author":2,"featured_media":265,"comment_status":"open","ping_status":"open","sticky":false,"template":"","format":"standard","meta":{"_monsterinsights_skip_tracking":false,"_monsterinsights_sitenote_active":false,"_monsterinsights_sitenote_note":"","_monsterinsights_sitenote_category":0,"footnotes":""},"categories":[1],"tags":[],"class_list":["post-263","post","type-post","status-publish","format-standard","has-post-thumbnail","hentry","category-zaujimavosti"],"yoast_head":"<!-- This site is optimized with the Yoast SEO plugin v27.3 - https:\/\/yoast.com\/product\/yoast-seo-wordpress\/ -->\n<title>Vitaj nov\u00fd rok!! - kaviare\u0148<\/title>\n<meta name=\"description\" content=\"\u0160tart do nov\u00e9ho roka sme v komunitnej kaviarni od\u0161tartovali koncertom mladej talentovanej spev\u00e1\u010dky. Po\u010das komorn\u00e9ho koncertu sme si vypo\u010duli kr\u00e1sne piesne, ktor\u00e9 n\u00e1m pomohli zastavi\u0165 sa, zamyslie\u0165 a vychutna\u0165 si \u010daro pr\u00edtomn\u00e9ho okamihu. S\u00fa\u010das\u0165ou koncertu boli aj na\u0161e lahodn\u00e9 n\u00e1poje zo zimnej ponuky, ktor\u00e9 si n\u00e1v\u0161tevn\u00edci mohli vychutna\u0165. Op\u00e4\u0165 chutili kvalitn\u00e9 sypan\u00e9 \u010daje z rodinnej slovenskej firmy Wilfred, prav\u00e9 belgick\u00e9 hor\u00face \u010dokol\u00e1dy r\u00f4znych pr\u00edchut\u00ed ako aj lahodn\u00e9 cappucino s r\u00f4znymi pr\u00edchu\u0165ami \u010di na\u0161e zimn\u00e9 pernikov\u00e9 latte. Tradi\u010dne aj my na za\u010diatku roka pl\u00e1nujeme, bilancujeme, hodnot\u00edme a pripravujeme sa na aktivity, ktor\u00e9 n\u00e1s \u010dakaj\u00fa. V\u0161etko m\u00e1 ale spolo\u010dn\u00fd cie\u013e: Aj na\u010falej vytv\u00e1ra\u0165 lok\u00e1lny komunitn\u00fd priestor, v\u010faka ktor\u00e9mu m\u00f4\u017eeme spolo\u010dne plnohodnotne tr\u00e1vi\u0165 vo\u013en\u00fd \u010das.\" \/>\n<meta name=\"robots\" content=\"index, follow, max-snippet:-1, max-image-preview:large, max-video-preview:-1\" \/>\n<link rel=\"canonical\" href=\"https:\/\/www.carmel.sk\/kaviaren\/index.php\/2024\/01\/10\/vitaj-novy-rok\/\" \/>\n<meta property=\"og:locale\" content=\"sk_SK\" \/>\n<meta property=\"og:type\" content=\"article\" \/>\n<meta property=\"og:title\" content=\"Vitaj nov\u00fd rok!! - kaviare\u0148\" \/>\n<meta property=\"og:description\" content=\"\u0160tart do nov\u00e9ho roka sme v komunitnej kaviarni od\u0161tartovali koncertom mladej talentovanej spev\u00e1\u010dky. Po\u010das komorn\u00e9ho koncertu sme si vypo\u010duli kr\u00e1sne piesne, ktor\u00e9 n\u00e1m pomohli zastavi\u0165 sa, zamyslie\u0165 a vychutna\u0165 si \u010daro pr\u00edtomn\u00e9ho okamihu. S\u00fa\u010das\u0165ou koncertu boli aj na\u0161e lahodn\u00e9 n\u00e1poje zo zimnej ponuky, ktor\u00e9 si n\u00e1v\u0161tevn\u00edci mohli vychutna\u0165. Op\u00e4\u0165 chutili kvalitn\u00e9 sypan\u00e9 \u010daje z rodinnej slovenskej firmy Wilfred, prav\u00e9 belgick\u00e9 hor\u00face \u010dokol\u00e1dy r\u00f4znych pr\u00edchut\u00ed ako aj lahodn\u00e9 cappucino s r\u00f4znymi pr\u00edchu\u0165ami \u010di na\u0161e zimn\u00e9 pernikov\u00e9 latte. Tradi\u010dne aj my na za\u010diatku roka pl\u00e1nujeme, bilancujeme, hodnot\u00edme a pripravujeme sa na aktivity, ktor\u00e9 n\u00e1s \u010dakaj\u00fa. V\u0161etko m\u00e1 ale spolo\u010dn\u00fd cie\u013e: Aj na\u010falej vytv\u00e1ra\u0165 lok\u00e1lny komunitn\u00fd priestor, v\u010faka ktor\u00e9mu m\u00f4\u017eeme spolo\u010dne plnohodnotne tr\u00e1vi\u0165 vo\u013en\u00fd \u010das.\" \/>\n<meta property=\"og:url\" content=\"https:\/\/www.carmel.sk\/kaviaren\/index.php\/2024\/01\/10\/vitaj-novy-rok\/\" \/>\n<meta property=\"og:site_name\" content=\"kaviare\u0148\" \/>\n<meta property=\"article:published_time\" content=\"2024-01-10T19:52:51+00:00\" \/>\n<meta property=\"article:modified_time\" content=\"2024-01-10T20:42:07+00:00\" \/>\n<meta property=\"og:image\" content=\"https:\/\/www.carmel.sk\/kaviaren\/wp-content\/uploads\/2024\/01\/image0-47.jpeg\" \/>\n\t<meta property=\"og:image:width\" content=\"1200\" \/>\n\t<meta property=\"og:image:height\" content=\"1600\" \/>\n\t<meta property=\"og:image:type\" content=\"image\/jpeg\" \/>\n<meta name=\"author\" content=\"Silvia Mokri\u0161ov\u00e1\" \/>\n<meta name=\"twitter:card\" content=\"summary_large_image\" \/>\n<meta name=\"twitter:label1\" content=\"Autor\" \/>\n\t<meta name=\"twitter:data1\" content=\"Silvia Mokri\u0161ov\u00e1\" \/>\n\t<meta name=\"twitter:label2\" content=\"Predpokladan\u00fd \u010das \u010d\u00edtania\" \/>\n\t<meta name=\"twitter:data2\" content=\"2 min\u00faty\" \/>\n<script type=\"application\/ld+json\" class=\"yoast-schema-graph\">{\"@context\":\"https:\\\/\\\/schema.org\",\"@graph\":[{\"@type\":\"Article\",\"@id\":\"https:\\\/\\\/www.carmel.sk\\\/kaviaren\\\/index.php\\\/2024\\\/01\\\/10\\\/vitaj-novy-rok\\\/#article\",\"isPartOf\":{\"@id\":\"https:\\\/\\\/www.carmel.sk\\\/kaviaren\\\/index.php\\\/2024\\\/01\\\/10\\\/vitaj-novy-rok\\\/\"},\"author\":{\"name\":\"Silvia Mokri\u0161ov\u00e1\",\"@id\":\"https:\\\/\\\/www.carmel.sk\\\/kaviaren\\\/#\\\/schema\\\/person\\\/5e620f36b4ea3d351f48d3a64d468544\"},\"headline\":\"Vitaj nov\u00fd rok!!\",\"datePublished\":\"2024-01-10T19:52:51+00:00\",\"dateModified\":\"2024-01-10T20:42:07+00:00\",\"mainEntityOfPage\":{\"@id\":\"https:\\\/\\\/www.carmel.sk\\\/kaviaren\\\/index.php\\\/2024\\\/01\\\/10\\\/vitaj-novy-rok\\\/\"},\"wordCount\":360,\"commentCount\":0,\"publisher\":{\"@id\":\"https:\\\/\\\/www.carmel.sk\\\/kaviaren\\\/#organization\"},\"image\":{\"@id\":\"https:\\\/\\\/www.carmel.sk\\\/kaviaren\\\/index.php\\\/2024\\\/01\\\/10\\\/vitaj-novy-rok\\\/#primaryimage\"},\"thumbnailUrl\":\"https:\\\/\\\/www.carmel.sk\\\/kaviaren\\\/wp-content\\\/uploads\\\/2024\\\/01\\\/image0-47.jpeg\",\"articleSection\":[\"Zauj\u00edmavosti\"],\"inLanguage\":\"sk-SK\",\"potentialAction\":[{\"@type\":\"CommentAction\",\"name\":\"Comment\",\"target\":[\"https:\\\/\\\/www.carmel.sk\\\/kaviaren\\\/index.php\\\/2024\\\/01\\\/10\\\/vitaj-novy-rok\\\/#respond\"]}]},{\"@type\":\"WebPage\",\"@id\":\"https:\\\/\\\/www.carmel.sk\\\/kaviaren\\\/index.php\\\/2024\\\/01\\\/10\\\/vitaj-novy-rok\\\/\",\"url\":\"https:\\\/\\\/www.carmel.sk\\\/kaviaren\\\/index.php\\\/2024\\\/01\\\/10\\\/vitaj-novy-rok\\\/\",\"name\":\"Vitaj nov\u00fd rok!! - kaviare\u0148\",\"isPartOf\":{\"@id\":\"https:\\\/\\\/www.carmel.sk\\\/kaviaren\\\/#website\"},\"primaryImageOfPage\":{\"@id\":\"https:\\\/\\\/www.carmel.sk\\\/kaviaren\\\/index.php\\\/2024\\\/01\\\/10\\\/vitaj-novy-rok\\\/#primaryimage\"},\"image\":{\"@id\":\"https:\\\/\\\/www.carmel.sk\\\/kaviaren\\\/index.php\\\/2024\\\/01\\\/10\\\/vitaj-novy-rok\\\/#primaryimage\"},\"thumbnailUrl\":\"https:\\\/\\\/www.carmel.sk\\\/kaviaren\\\/wp-content\\\/uploads\\\/2024\\\/01\\\/image0-47.jpeg\",\"datePublished\":\"2024-01-10T19:52:51+00:00\",\"dateModified\":\"2024-01-10T20:42:07+00:00\",\"description\":\"\u0160tart do nov\u00e9ho roka sme v komunitnej kaviarni od\u0161tartovali koncertom mladej talentovanej spev\u00e1\u010dky. Po\u010das komorn\u00e9ho koncertu sme si vypo\u010duli kr\u00e1sne piesne, ktor\u00e9 n\u00e1m pomohli zastavi\u0165 sa, zamyslie\u0165 a vychutna\u0165 si \u010daro pr\u00edtomn\u00e9ho okamihu. S\u00fa\u010das\u0165ou koncertu boli aj na\u0161e lahodn\u00e9 n\u00e1poje zo zimnej ponuky, ktor\u00e9 si n\u00e1v\u0161tevn\u00edci mohli vychutna\u0165. Op\u00e4\u0165 chutili kvalitn\u00e9 sypan\u00e9 \u010daje z rodinnej slovenskej firmy Wilfred, prav\u00e9 belgick\u00e9 hor\u00face \u010dokol\u00e1dy r\u00f4znych pr\u00edchut\u00ed ako aj lahodn\u00e9 cappucino s r\u00f4znymi pr\u00edchu\u0165ami \u010di na\u0161e zimn\u00e9 pernikov\u00e9 latte. Tradi\u010dne aj my na za\u010diatku roka pl\u00e1nujeme, bilancujeme, hodnot\u00edme a pripravujeme sa na aktivity, ktor\u00e9 n\u00e1s \u010dakaj\u00fa. V\u0161etko m\u00e1 ale spolo\u010dn\u00fd cie\u013e: Aj na\u010falej vytv\u00e1ra\u0165 lok\u00e1lny komunitn\u00fd priestor, v\u010faka ktor\u00e9mu m\u00f4\u017eeme spolo\u010dne plnohodnotne tr\u00e1vi\u0165 vo\u013en\u00fd \u010das.\",\"breadcrumb\":{\"@id\":\"https:\\\/\\\/www.carmel.sk\\\/kaviaren\\\/index.php\\\/2024\\\/01\\\/10\\\/vitaj-novy-rok\\\/#breadcrumb\"},\"inLanguage\":\"sk-SK\",\"potentialAction\":[{\"@type\":\"ReadAction\",\"target\":[\"https:\\\/\\\/www.carmel.sk\\\/kaviaren\\\/index.php\\\/2024\\\/01\\\/10\\\/vitaj-novy-rok\\\/\"]}]},{\"@type\":\"ImageObject\",\"inLanguage\":\"sk-SK\",\"@id\":\"https:\\\/\\\/www.carmel.sk\\\/kaviaren\\\/index.php\\\/2024\\\/01\\\/10\\\/vitaj-novy-rok\\\/#primaryimage\",\"url\":\"https:\\\/\\\/www.carmel.sk\\\/kaviaren\\\/wp-content\\\/uploads\\\/2024\\\/01\\\/image0-47.jpeg\",\"contentUrl\":\"https:\\\/\\\/www.carmel.sk\\\/kaviaren\\\/wp-content\\\/uploads\\\/2024\\\/01\\\/image0-47.jpeg\",\"width\":1200,\"height\":1600,\"caption\":\"komorn\u00fd koncert v kaviarni\"},{\"@type\":\"BreadcrumbList\",\"@id\":\"https:\\\/\\\/www.carmel.sk\\\/kaviaren\\\/index.php\\\/2024\\\/01\\\/10\\\/vitaj-novy-rok\\\/#breadcrumb\",\"itemListElement\":[{\"@type\":\"ListItem\",\"position\":1,\"name\":\"Home\",\"item\":\"https:\\\/\\\/www.carmel.sk\\\/kaviaren\\\/\"},{\"@type\":\"ListItem\",\"position\":2,\"name\":\"Vitaj nov\u00fd rok!!\"}]},{\"@type\":\"WebSite\",\"@id\":\"https:\\\/\\\/www.carmel.sk\\\/kaviaren\\\/#website\",\"url\":\"https:\\\/\\\/www.carmel.sk\\\/kaviaren\\\/\",\"name\":\"kaviare\u0148\",\"description\":\"\",\"publisher\":{\"@id\":\"https:\\\/\\\/www.carmel.sk\\\/kaviaren\\\/#organization\"},\"potentialAction\":[{\"@type\":\"SearchAction\",\"target\":{\"@type\":\"EntryPoint\",\"urlTemplate\":\"https:\\\/\\\/www.carmel.sk\\\/kaviaren\\\/?s={search_term_string}\"},\"query-input\":{\"@type\":\"PropertyValueSpecification\",\"valueRequired\":true,\"valueName\":\"search_term_string\"}}],\"inLanguage\":\"sk-SK\"},{\"@type\":\"Organization\",\"@id\":\"https:\\\/\\\/www.carmel.sk\\\/kaviaren\\\/#organization\",\"name\":\"kaviare\u0148\",\"url\":\"https:\\\/\\\/www.carmel.sk\\\/kaviaren\\\/\",\"logo\":{\"@type\":\"ImageObject\",\"inLanguage\":\"sk-SK\",\"@id\":\"https:\\\/\\\/www.carmel.sk\\\/kaviaren\\\/#\\\/schema\\\/logo\\\/image\\\/\",\"url\":\"https:\\\/\\\/www.carmel.sk\\\/kaviaren\\\/wp-content\\\/uploads\\\/2023\\\/05\\\/cropped-web_logo-1.png\",\"contentUrl\":\"https:\\\/\\\/www.carmel.sk\\\/kaviaren\\\/wp-content\\\/uploads\\\/2023\\\/05\\\/cropped-web_logo-1.png\",\"width\":1370,\"height\":236,\"caption\":\"kaviare\u0148\"},\"image\":{\"@id\":\"https:\\\/\\\/www.carmel.sk\\\/kaviaren\\\/#\\\/schema\\\/logo\\\/image\\\/\"}},{\"@type\":\"Person\",\"@id\":\"https:\\\/\\\/www.carmel.sk\\\/kaviaren\\\/#\\\/schema\\\/person\\\/5e620f36b4ea3d351f48d3a64d468544\",\"name\":\"Silvia Mokri\u0161ov\u00e1\",\"image\":{\"@type\":\"ImageObject\",\"inLanguage\":\"sk-SK\",\"@id\":\"https:\\\/\\\/secure.gravatar.com\\\/avatar\\\/deacf9834471f4f6c46cc58e2a7fdce1326a55f3600de37912fcf656262b195d?s=96&d=mm&r=g\",\"url\":\"https:\\\/\\\/secure.gravatar.com\\\/avatar\\\/deacf9834471f4f6c46cc58e2a7fdce1326a55f3600de37912fcf656262b195d?s=96&d=mm&r=g\",\"contentUrl\":\"https:\\\/\\\/secure.gravatar.com\\\/avatar\\\/deacf9834471f4f6c46cc58e2a7fdce1326a55f3600de37912fcf656262b195d?s=96&d=mm&r=g\",\"caption\":\"Silvia Mokri\u0161ov\u00e1\"},\"sameAs\":[\"https:\\\/\\\/www.carmel.sk\\\/kaviaren\\\/\"],\"url\":\"https:\\\/\\\/www.carmel.sk\\\/kaviaren\\\/index.php\\\/author\\\/silvika\\\/\"}]}<\/script>\n<!-- \/ Yoast SEO plugin. -->","yoast_head_json":{"title":"Vitaj nov\u00fd rok!! - kaviare\u0148","description":"\u0160tart do nov\u00e9ho roka sme v komunitnej kaviarni od\u0161tartovali koncertom mladej talentovanej spev\u00e1\u010dky. Po\u010das komorn\u00e9ho koncertu sme si vypo\u010duli kr\u00e1sne piesne, ktor\u00e9 n\u00e1m pomohli zastavi\u0165 sa, zamyslie\u0165 a vychutna\u0165 si \u010daro pr\u00edtomn\u00e9ho okamihu. S\u00fa\u010das\u0165ou koncertu boli aj na\u0161e lahodn\u00e9 n\u00e1poje zo zimnej ponuky, ktor\u00e9 si n\u00e1v\u0161tevn\u00edci mohli vychutna\u0165. Op\u00e4\u0165 chutili kvalitn\u00e9 sypan\u00e9 \u010daje z rodinnej slovenskej firmy Wilfred, prav\u00e9 belgick\u00e9 hor\u00face \u010dokol\u00e1dy r\u00f4znych pr\u00edchut\u00ed ako aj lahodn\u00e9 cappucino s r\u00f4znymi pr\u00edchu\u0165ami \u010di na\u0161e zimn\u00e9 pernikov\u00e9 latte. Tradi\u010dne aj my na za\u010diatku roka pl\u00e1nujeme, bilancujeme, hodnot\u00edme a pripravujeme sa na aktivity, ktor\u00e9 n\u00e1s \u010dakaj\u00fa. V\u0161etko m\u00e1 ale spolo\u010dn\u00fd cie\u013e: Aj na\u010falej vytv\u00e1ra\u0165 lok\u00e1lny komunitn\u00fd priestor, v\u010faka ktor\u00e9mu m\u00f4\u017eeme spolo\u010dne plnohodnotne tr\u00e1vi\u0165 vo\u013en\u00fd \u010das.","robots":{"index":"index","follow":"follow","max-snippet":"max-snippet:-1","max-image-preview":"max-image-preview:large","max-video-preview":"max-video-preview:-1"},"canonical":"https:\/\/www.carmel.sk\/kaviaren\/index.php\/2024\/01\/10\/vitaj-novy-rok\/","og_locale":"sk_SK","og_type":"article","og_title":"Vitaj nov\u00fd rok!! - kaviare\u0148","og_description":"\u0160tart do nov\u00e9ho roka sme v komunitnej kaviarni od\u0161tartovali koncertom mladej talentovanej spev\u00e1\u010dky. Po\u010das komorn\u00e9ho koncertu sme si vypo\u010duli kr\u00e1sne piesne, ktor\u00e9 n\u00e1m pomohli zastavi\u0165 sa, zamyslie\u0165 a vychutna\u0165 si \u010daro pr\u00edtomn\u00e9ho okamihu. S\u00fa\u010das\u0165ou koncertu boli aj na\u0161e lahodn\u00e9 n\u00e1poje zo zimnej ponuky, ktor\u00e9 si n\u00e1v\u0161tevn\u00edci mohli vychutna\u0165. Op\u00e4\u0165 chutili kvalitn\u00e9 sypan\u00e9 \u010daje z rodinnej slovenskej firmy Wilfred, prav\u00e9 belgick\u00e9 hor\u00face \u010dokol\u00e1dy r\u00f4znych pr\u00edchut\u00ed ako aj lahodn\u00e9 cappucino s r\u00f4znymi pr\u00edchu\u0165ami \u010di na\u0161e zimn\u00e9 pernikov\u00e9 latte. Tradi\u010dne aj my na za\u010diatku roka pl\u00e1nujeme, bilancujeme, hodnot\u00edme a pripravujeme sa na aktivity, ktor\u00e9 n\u00e1s \u010dakaj\u00fa. V\u0161etko m\u00e1 ale spolo\u010dn\u00fd cie\u013e: Aj na\u010falej vytv\u00e1ra\u0165 lok\u00e1lny komunitn\u00fd priestor, v\u010faka ktor\u00e9mu m\u00f4\u017eeme spolo\u010dne plnohodnotne tr\u00e1vi\u0165 vo\u013en\u00fd \u010das.","og_url":"https:\/\/www.carmel.sk\/kaviaren\/index.php\/2024\/01\/10\/vitaj-novy-rok\/","og_site_name":"kaviare\u0148","article_published_time":"2024-01-10T19:52:51+00:00","article_modified_time":"2024-01-10T20:42:07+00:00","og_image":[{"width":1200,"height":1600,"url":"https:\/\/www.carmel.sk\/kaviaren\/wp-content\/uploads\/2024\/01\/image0-47.jpeg","type":"image\/jpeg"}],"author":"Silvia Mokri\u0161ov\u00e1","twitter_card":"summary_large_image","twitter_misc":{"Autor":"Silvia Mokri\u0161ov\u00e1","Predpokladan\u00fd \u010das \u010d\u00edtania":"2 min\u00faty"},"schema":{"@context":"https:\/\/schema.org","@graph":[{"@type":"Article","@id":"https:\/\/www.carmel.sk\/kaviaren\/index.php\/2024\/01\/10\/vitaj-novy-rok\/#article","isPartOf":{"@id":"https:\/\/www.carmel.sk\/kaviaren\/index.php\/2024\/01\/10\/vitaj-novy-rok\/"},"author":{"name":"Silvia Mokri\u0161ov\u00e1","@id":"https:\/\/www.carmel.sk\/kaviaren\/#\/schema\/person\/5e620f36b4ea3d351f48d3a64d468544"},"headline":"Vitaj nov\u00fd rok!!","datePublished":"2024-01-10T19:52:51+00:00","dateModified":"2024-01-10T20:42:07+00:00","mainEntityOfPage":{"@id":"https:\/\/www.carmel.sk\/kaviaren\/index.php\/2024\/01\/10\/vitaj-novy-rok\/"},"wordCount":360,"commentCount":0,"publisher":{"@id":"https:\/\/www.carmel.sk\/kaviaren\/#organization"},"image":{"@id":"https:\/\/www.carmel.sk\/kaviaren\/index.php\/2024\/01\/10\/vitaj-novy-rok\/#primaryimage"},"thumbnailUrl":"https:\/\/www.carmel.sk\/kaviaren\/wp-content\/uploads\/2024\/01\/image0-47.jpeg","articleSection":["Zauj\u00edmavosti"],"inLanguage":"sk-SK","potentialAction":[{"@type":"CommentAction","name":"Comment","target":["https:\/\/www.carmel.sk\/kaviaren\/index.php\/2024\/01\/10\/vitaj-novy-rok\/#respond"]}]},{"@type":"WebPage","@id":"https:\/\/www.carmel.sk\/kaviaren\/index.php\/2024\/01\/10\/vitaj-novy-rok\/","url":"https:\/\/www.carmel.sk\/kaviaren\/index.php\/2024\/01\/10\/vitaj-novy-rok\/","name":"Vitaj nov\u00fd rok!! - kaviare\u0148","isPartOf":{"@id":"https:\/\/www.carmel.sk\/kaviaren\/#website"},"primaryImageOfPage":{"@id":"https:\/\/www.carmel.sk\/kaviaren\/index.php\/2024\/01\/10\/vitaj-novy-rok\/#primaryimage"},"image":{"@id":"https:\/\/www.carmel.sk\/kaviaren\/index.php\/2024\/01\/10\/vitaj-novy-rok\/#primaryimage"},"thumbnailUrl":"https:\/\/www.carmel.sk\/kaviaren\/wp-content\/uploads\/2024\/01\/image0-47.jpeg","datePublished":"2024-01-10T19:52:51+00:00","dateModified":"2024-01-10T20:42:07+00:00","description":"\u0160tart do nov\u00e9ho roka sme v komunitnej kaviarni od\u0161tartovali koncertom mladej talentovanej spev\u00e1\u010dky. Po\u010das komorn\u00e9ho koncertu sme si vypo\u010duli kr\u00e1sne piesne, ktor\u00e9 n\u00e1m pomohli zastavi\u0165 sa, zamyslie\u0165 a vychutna\u0165 si \u010daro pr\u00edtomn\u00e9ho okamihu. S\u00fa\u010das\u0165ou koncertu boli aj na\u0161e lahodn\u00e9 n\u00e1poje zo zimnej ponuky, ktor\u00e9 si n\u00e1v\u0161tevn\u00edci mohli vychutna\u0165. Op\u00e4\u0165 chutili kvalitn\u00e9 sypan\u00e9 \u010daje z rodinnej slovenskej firmy Wilfred, prav\u00e9 belgick\u00e9 hor\u00face \u010dokol\u00e1dy r\u00f4znych pr\u00edchut\u00ed ako aj lahodn\u00e9 cappucino s r\u00f4znymi pr\u00edchu\u0165ami \u010di na\u0161e zimn\u00e9 pernikov\u00e9 latte. Tradi\u010dne aj my na za\u010diatku roka pl\u00e1nujeme, bilancujeme, hodnot\u00edme a pripravujeme sa na aktivity, ktor\u00e9 n\u00e1s \u010dakaj\u00fa. V\u0161etko m\u00e1 ale spolo\u010dn\u00fd cie\u013e: Aj na\u010falej vytv\u00e1ra\u0165 lok\u00e1lny komunitn\u00fd priestor, v\u010faka ktor\u00e9mu m\u00f4\u017eeme spolo\u010dne plnohodnotne tr\u00e1vi\u0165 vo\u013en\u00fd \u010das.","breadcrumb":{"@id":"https:\/\/www.carmel.sk\/kaviaren\/index.php\/2024\/01\/10\/vitaj-novy-rok\/#breadcrumb"},"inLanguage":"sk-SK","potentialAction":[{"@type":"ReadAction","target":["https:\/\/www.carmel.sk\/kaviaren\/index.php\/2024\/01\/10\/vitaj-novy-rok\/"]}]},{"@type":"ImageObject","inLanguage":"sk-SK","@id":"https:\/\/www.carmel.sk\/kaviaren\/index.php\/2024\/01\/10\/vitaj-novy-rok\/#primaryimage","url":"https:\/\/www.carmel.sk\/kaviaren\/wp-content\/uploads\/2024\/01\/image0-47.jpeg","contentUrl":"https:\/\/www.carmel.sk\/kaviaren\/wp-content\/uploads\/2024\/01\/image0-47.jpeg","width":1200,"height":1600,"caption":"komorn\u00fd koncert v kaviarni"},{"@type":"BreadcrumbList","@id":"https:\/\/www.carmel.sk\/kaviaren\/index.php\/2024\/01\/10\/vitaj-novy-rok\/#breadcrumb","itemListElement":[{"@type":"ListItem","position":1,"name":"Home","item":"https:\/\/www.carmel.sk\/kaviaren\/"},{"@type":"ListItem","position":2,"name":"Vitaj nov\u00fd rok!!"}]},{"@type":"WebSite","@id":"https:\/\/www.carmel.sk\/kaviaren\/#website","url":"https:\/\/www.carmel.sk\/kaviaren\/","name":"kaviare\u0148","description":"","publisher":{"@id":"https:\/\/www.carmel.sk\/kaviaren\/#organization"},"potentialAction":[{"@type":"SearchAction","target":{"@type":"EntryPoint","urlTemplate":"https:\/\/www.carmel.sk\/kaviaren\/?s={search_term_string}"},"query-input":{"@type":"PropertyValueSpecification","valueRequired":true,"valueName":"search_term_string"}}],"inLanguage":"sk-SK"},{"@type":"Organization","@id":"https:\/\/www.carmel.sk\/kaviaren\/#organization","name":"kaviare\u0148","url":"https:\/\/www.carmel.sk\/kaviaren\/","logo":{"@type":"ImageObject","inLanguage":"sk-SK","@id":"https:\/\/www.carmel.sk\/kaviaren\/#\/schema\/logo\/image\/","url":"https:\/\/www.carmel.sk\/kaviaren\/wp-content\/uploads\/2023\/05\/cropped-web_logo-1.png","contentUrl":"https:\/\/www.carmel.sk\/kaviaren\/wp-content\/uploads\/2023\/05\/cropped-web_logo-1.png","width":1370,"height":236,"caption":"kaviare\u0148"},"image":{"@id":"https:\/\/www.carmel.sk\/kaviaren\/#\/schema\/logo\/image\/"}},{"@type":"Person","@id":"https:\/\/www.carmel.sk\/kaviaren\/#\/schema\/person\/5e620f36b4ea3d351f48d3a64d468544","name":"Silvia Mokri\u0161ov\u00e1","image":{"@type":"ImageObject","inLanguage":"sk-SK","@id":"https:\/\/secure.gravatar.com\/avatar\/deacf9834471f4f6c46cc58e2a7fdce1326a55f3600de37912fcf656262b195d?s=96&d=mm&r=g","url":"https:\/\/secure.gravatar.com\/avatar\/deacf9834471f4f6c46cc58e2a7fdce1326a55f3600de37912fcf656262b195d?s=96&d=mm&r=g","contentUrl":"https:\/\/secure.gravatar.com\/avatar\/deacf9834471f4f6c46cc58e2a7fdce1326a55f3600de37912fcf656262b195d?s=96&d=mm&r=g","caption":"Silvia Mokri\u0161ov\u00e1"},"sameAs":["https:\/\/www.carmel.sk\/kaviaren\/"],"url":"https:\/\/www.carmel.sk\/kaviaren\/index.php\/author\/silvika\/"}]}},"_links":{"self":[{"href":"https:\/\/www.carmel.sk\/kaviaren\/index.php\/wp-json\/wp\/v2\/posts\/263","targetHints":{"allow":["GET"]}}],"collection":[{"href":"https:\/\/www.carmel.sk\/kaviaren\/index.php\/wp-json\/wp\/v2\/posts"}],"about":[{"href":"https:\/\/www.carmel.sk\/kaviaren\/index.php\/wp-json\/wp\/v2\/types\/post"}],"author":[{"embeddable":true,"href":"https:\/\/www.carmel.sk\/kaviaren\/index.php\/wp-json\/wp\/v2\/users\/2"}],"replies":[{"embeddable":true,"href":"https:\/\/www.carmel.sk\/kaviaren\/index.php\/wp-json\/wp\/v2\/comments?post=263"}],"version-history":[{"count":3,"href":"https:\/\/www.carmel.sk\/kaviaren\/index.php\/wp-json\/wp\/v2\/posts\/263\/revisions"}],"predecessor-version":[{"id":277,"href":"https:\/\/www.carmel.sk\/kaviaren\/index.php\/wp-json\/wp\/v2\/posts\/263\/revisions\/277"}],"wp:featuredmedia":[{"embeddable":true,"href":"https:\/\/www.carmel.sk\/kaviaren\/index.php\/wp-json\/wp\/v2\/media\/265"}],"wp:attachment":[{"href":"https:\/\/www.carmel.sk\/kaviaren\/index.php\/wp-json\/wp\/v2\/media?parent=263"}],"wp:term":[{"taxonomy":"category","embeddable":true,"href":"https:\/\/www.carmel.sk\/kaviaren\/index.php\/wp-json\/wp\/v2\/categories?post=263"},{"taxonomy":"post_tag","embeddable":true,"href":"https:\/\/www.carmel.sk\/kaviaren\/index.php\/wp-json\/wp\/v2\/tags?post=263"}],"curies":[{"name":"wp","href":"https:\/\/api.w.org\/{rel}","templated":true}]}}