{"id":250,"date":"2023-11-24T07:40:31","date_gmt":"2023-11-24T06:40:31","guid":{"rendered":"https:\/\/www.carmel.sk\/kaviaren\/?p=250"},"modified":"2023-12-05T07:41:08","modified_gmt":"2023-12-05T06:41:08","slug":"adventny-kalendar-plny-dobra","status":"publish","type":"post","link":"https:\/\/www.carmel.sk\/kaviaren\/index.php\/2023\/11\/24\/adventny-kalendar-plny-dobra\/","title":{"rendered":"Adventn\u00fd kalend\u00e1r pln\u00fd dobra"},"content":{"rendered":"\n<p>Spr\u00edjemnite si adventn\u00fd \u010das s na\u0161im adventn\u00fdm kalend\u00e1rom. Pozrite sa na \u00falohy, ktor\u00e9 hravo zvl\u00e1dnete aj s de\u0165mi. <\/p>\n\n\n\n<p>Prajeme v\u00e1m pr\u00edjemn\u00fd \u010das pri tom, ako budete nap\u013a\u0148a\u0165 \u00falohy ale i srdcia. <\/p>\n\n\n\n<div class=\"wp-block-buttons is-layout-flex wp-block-buttons-is-layout-flex\">\n<div class=\"wp-block-button\"><a class=\"wp-block-button__link has-white-color has-text-color has-background wp-element-button\" href=\"https:\/\/www.carmel.sk\/kaviaren\/wp-content\/uploads\/2023\/12\/ACFrOgALlmjtmaQlFVbHHYsvdoNoQo8Jn-89jkqGXVzNvCFgud4gukrqZ3982ayIkLscUVyLk3sZCJ7ztDwHTgk-3kOHqYAtrMBhKY2hAV91BuMhJDxU0P8IvDb1m9Mb0QxnGSPH_P0U1RfF50Ey.pdf\" style=\"background-color:#422502\" target=\"_blank\" rel=\"noreferrer noopener\">Adventn\u00fd kalend\u00e1r pdf &#8211; stiahnu\u0165<\/a><\/div>\n<\/div>\n\n\n\n<figure class=\"wp-block-image size-large\"><img loading=\"lazy\" decoding=\"async\" width=\"1024\" height=\"724\" src=\"https:\/\/www.carmel.sk\/kaviaren\/wp-content\/uploads\/2023\/12\/Vianocny_kalendar_CARMEL_2-1024x724.jpg\" alt=\"\" class=\"wp-image-252\" srcset=\"https:\/\/www.carmel.sk\/kaviaren\/wp-content\/uploads\/2023\/12\/Vianocny_kalendar_CARMEL_2-1024x724.jpg 1024w, https:\/\/www.carmel.sk\/kaviaren\/wp-content\/uploads\/2023\/12\/Vianocny_kalendar_CARMEL_2-300x212.jpg 300w, https:\/\/www.carmel.sk\/kaviaren\/wp-content\/uploads\/2023\/12\/Vianocny_kalendar_CARMEL_2-768x543.jpg 768w, https:\/\/www.carmel.sk\/kaviaren\/wp-content\/uploads\/2023\/12\/Vianocny_kalendar_CARMEL_2-1536x1086.jpg 1536w, https:\/\/www.carmel.sk\/kaviaren\/wp-content\/uploads\/2023\/12\/Vianocny_kalendar_CARMEL_2-2048x1448.jpg 2048w, https:\/\/www.carmel.sk\/kaviaren\/wp-content\/uploads\/2023\/12\/Vianocny_kalendar_CARMEL_2-85x60.jpg 85w\" sizes=\"auto, (max-width: 1024px) 100vw, 1024px\" \/><\/figure>\n","protected":false},"excerpt":{"rendered":"<p>Spr\u00edjemnite si adventn\u00fd \u010das s na\u0161im adventn\u00fdm kalend\u00e1rom. Pozrite sa na \u00falohy, ktor\u00e9 hravo zvl\u00e1dnete aj s de\u0165mi. Prajeme v\u00e1m pr\u00edjemn\u00fd \u010das pri tom, ako budete nap\u013a\u0148a\u0165 \u00falohy ale i srdcia.<\/p>\n","protected":false},"author":1,"featured_media":252,"comment_status":"open","ping_status":"open","sticky":false,"template":"","format":"standard","meta":{"_monsterinsights_skip_tracking":false,"_monsterinsights_sitenote_active":false,"_monsterinsights_sitenote_note":"","_monsterinsights_sitenote_category":0,"footnotes":""},"categories":[1],"tags":[],"class_list":["post-250","post","type-post","status-publish","format-standard","has-post-thumbnail","hentry","category-zaujimavosti"],"yoast_head":"<!-- This site is optimized with the Yoast SEO plugin v27.3 - https:\/\/yoast.com\/product\/yoast-seo-wordpress\/ -->\n<title>Adventn\u00fd kalend\u00e1r pln\u00fd dobra - kaviare\u0148<\/title>\n<meta name=\"robots\" content=\"index, follow, max-snippet:-1, max-image-preview:large, max-video-preview:-1\" \/>\n<link rel=\"canonical\" href=\"https:\/\/www.carmel.sk\/kaviaren\/index.php\/2023\/11\/24\/adventny-kalendar-plny-dobra\/\" \/>\n<meta property=\"og:locale\" content=\"sk_SK\" \/>\n<meta property=\"og:type\" content=\"article\" \/>\n<meta property=\"og:title\" content=\"Adventn\u00fd kalend\u00e1r pln\u00fd dobra - kaviare\u0148\" \/>\n<meta property=\"og:description\" content=\"Spr\u00edjemnite si adventn\u00fd \u010das s na\u0161im adventn\u00fdm kalend\u00e1rom. Pozrite sa na \u00falohy, ktor\u00e9 hravo zvl\u00e1dnete aj s de\u0165mi. Prajeme v\u00e1m pr\u00edjemn\u00fd \u010das pri tom, ako budete nap\u013a\u0148a\u0165 \u00falohy ale i srdcia.\" \/>\n<meta property=\"og:url\" content=\"https:\/\/www.carmel.sk\/kaviaren\/index.php\/2023\/11\/24\/adventny-kalendar-plny-dobra\/\" \/>\n<meta property=\"og:site_name\" content=\"kaviare\u0148\" \/>\n<meta property=\"article:published_time\" content=\"2023-11-24T06:40:31+00:00\" \/>\n<meta property=\"article:modified_time\" content=\"2023-12-05T06:41:08+00:00\" \/>\n<meta property=\"og:image\" content=\"https:\/\/www.carmel.sk\/kaviaren\/wp-content\/uploads\/2023\/12\/Vianocny_kalendar_CARMEL_2-scaled.jpg\" \/>\n\t<meta property=\"og:image:width\" content=\"2560\" \/>\n\t<meta property=\"og:image:height\" content=\"1810\" \/>\n\t<meta property=\"og:image:type\" content=\"image\/jpeg\" \/>\n<meta name=\"author\" content=\"admin\" \/>\n<meta name=\"twitter:card\" content=\"summary_large_image\" \/>\n<meta name=\"twitter:label1\" content=\"Autor\" \/>\n\t<meta name=\"twitter:data1\" content=\"admin\" \/>\n\t<meta name=\"twitter:label2\" content=\"Predpokladan\u00fd \u010das \u010d\u00edtania\" \/>\n\t<meta name=\"twitter:data2\" content=\"1 min\u00fata\" \/>\n<script type=\"application\/ld+json\" class=\"yoast-schema-graph\">{\"@context\":\"https:\\\/\\\/schema.org\",\"@graph\":[{\"@type\":\"Article\",\"@id\":\"https:\\\/\\\/www.carmel.sk\\\/kaviaren\\\/index.php\\\/2023\\\/11\\\/24\\\/adventny-kalendar-plny-dobra\\\/#article\",\"isPartOf\":{\"@id\":\"https:\\\/\\\/www.carmel.sk\\\/kaviaren\\\/index.php\\\/2023\\\/11\\\/24\\\/adventny-kalendar-plny-dobra\\\/\"},\"author\":{\"name\":\"admin\",\"@id\":\"https:\\\/\\\/www.carmel.sk\\\/kaviaren\\\/#\\\/schema\\\/person\\\/675394734afd0f3cb505ec9807f97302\"},\"headline\":\"Adventn\u00fd kalend\u00e1r pln\u00fd dobra\",\"datePublished\":\"2023-11-24T06:40:31+00:00\",\"dateModified\":\"2023-12-05T06:41:08+00:00\",\"mainEntityOfPage\":{\"@id\":\"https:\\\/\\\/www.carmel.sk\\\/kaviaren\\\/index.php\\\/2023\\\/11\\\/24\\\/adventny-kalendar-plny-dobra\\\/\"},\"wordCount\":51,\"commentCount\":0,\"publisher\":{\"@id\":\"https:\\\/\\\/www.carmel.sk\\\/kaviaren\\\/#organization\"},\"image\":{\"@id\":\"https:\\\/\\\/www.carmel.sk\\\/kaviaren\\\/index.php\\\/2023\\\/11\\\/24\\\/adventny-kalendar-plny-dobra\\\/#primaryimage\"},\"thumbnailUrl\":\"https:\\\/\\\/www.carmel.sk\\\/kaviaren\\\/wp-content\\\/uploads\\\/2023\\\/12\\\/Vianocny_kalendar_CARMEL_2-scaled.jpg\",\"articleSection\":[\"Zauj\u00edmavosti\"],\"inLanguage\":\"sk-SK\",\"potentialAction\":[{\"@type\":\"CommentAction\",\"name\":\"Comment\",\"target\":[\"https:\\\/\\\/www.carmel.sk\\\/kaviaren\\\/index.php\\\/2023\\\/11\\\/24\\\/adventny-kalendar-plny-dobra\\\/#respond\"]}]},{\"@type\":\"WebPage\",\"@id\":\"https:\\\/\\\/www.carmel.sk\\\/kaviaren\\\/index.php\\\/2023\\\/11\\\/24\\\/adventny-kalendar-plny-dobra\\\/\",\"url\":\"https:\\\/\\\/www.carmel.sk\\\/kaviaren\\\/index.php\\\/2023\\\/11\\\/24\\\/adventny-kalendar-plny-dobra\\\/\",\"name\":\"Adventn\u00fd kalend\u00e1r pln\u00fd dobra - kaviare\u0148\",\"isPartOf\":{\"@id\":\"https:\\\/\\\/www.carmel.sk\\\/kaviaren\\\/#website\"},\"primaryImageOfPage\":{\"@id\":\"https:\\\/\\\/www.carmel.sk\\\/kaviaren\\\/index.php\\\/2023\\\/11\\\/24\\\/adventny-kalendar-plny-dobra\\\/#primaryimage\"},\"image\":{\"@id\":\"https:\\\/\\\/www.carmel.sk\\\/kaviaren\\\/index.php\\\/2023\\\/11\\\/24\\\/adventny-kalendar-plny-dobra\\\/#primaryimage\"},\"thumbnailUrl\":\"https:\\\/\\\/www.carmel.sk\\\/kaviaren\\\/wp-content\\\/uploads\\\/2023\\\/12\\\/Vianocny_kalendar_CARMEL_2-scaled.jpg\",\"datePublished\":\"2023-11-24T06:40:31+00:00\",\"dateModified\":\"2023-12-05T06:41:08+00:00\",\"breadcrumb\":{\"@id\":\"https:\\\/\\\/www.carmel.sk\\\/kaviaren\\\/index.php\\\/2023\\\/11\\\/24\\\/adventny-kalendar-plny-dobra\\\/#breadcrumb\"},\"inLanguage\":\"sk-SK\",\"potentialAction\":[{\"@type\":\"ReadAction\",\"target\":[\"https:\\\/\\\/www.carmel.sk\\\/kaviaren\\\/index.php\\\/2023\\\/11\\\/24\\\/adventny-kalendar-plny-dobra\\\/\"]}]},{\"@type\":\"ImageObject\",\"inLanguage\":\"sk-SK\",\"@id\":\"https:\\\/\\\/www.carmel.sk\\\/kaviaren\\\/index.php\\\/2023\\\/11\\\/24\\\/adventny-kalendar-plny-dobra\\\/#primaryimage\",\"url\":\"https:\\\/\\\/www.carmel.sk\\\/kaviaren\\\/wp-content\\\/uploads\\\/2023\\\/12\\\/Vianocny_kalendar_CARMEL_2-scaled.jpg\",\"contentUrl\":\"https:\\\/\\\/www.carmel.sk\\\/kaviaren\\\/wp-content\\\/uploads\\\/2023\\\/12\\\/Vianocny_kalendar_CARMEL_2-scaled.jpg\",\"width\":2560,\"height\":1810},{\"@type\":\"BreadcrumbList\",\"@id\":\"https:\\\/\\\/www.carmel.sk\\\/kaviaren\\\/index.php\\\/2023\\\/11\\\/24\\\/adventny-kalendar-plny-dobra\\\/#breadcrumb\",\"itemListElement\":[{\"@type\":\"ListItem\",\"position\":1,\"name\":\"Home\",\"item\":\"https:\\\/\\\/www.carmel.sk\\\/kaviaren\\\/\"},{\"@type\":\"ListItem\",\"position\":2,\"name\":\"Adventn\u00fd kalend\u00e1r pln\u00fd dobra\"}]},{\"@type\":\"WebSite\",\"@id\":\"https:\\\/\\\/www.carmel.sk\\\/kaviaren\\\/#website\",\"url\":\"https:\\\/\\\/www.carmel.sk\\\/kaviaren\\\/\",\"name\":\"kaviare\u0148\",\"description\":\"\",\"publisher\":{\"@id\":\"https:\\\/\\\/www.carmel.sk\\\/kaviaren\\\/#organization\"},\"potentialAction\":[{\"@type\":\"SearchAction\",\"target\":{\"@type\":\"EntryPoint\",\"urlTemplate\":\"https:\\\/\\\/www.carmel.sk\\\/kaviaren\\\/?s={search_term_string}\"},\"query-input\":{\"@type\":\"PropertyValueSpecification\",\"valueRequired\":true,\"valueName\":\"search_term_string\"}}],\"inLanguage\":\"sk-SK\"},{\"@type\":\"Organization\",\"@id\":\"https:\\\/\\\/www.carmel.sk\\\/kaviaren\\\/#organization\",\"name\":\"kaviare\u0148\",\"url\":\"https:\\\/\\\/www.carmel.sk\\\/kaviaren\\\/\",\"logo\":{\"@type\":\"ImageObject\",\"inLanguage\":\"sk-SK\",\"@id\":\"https:\\\/\\\/www.carmel.sk\\\/kaviaren\\\/#\\\/schema\\\/logo\\\/image\\\/\",\"url\":\"https:\\\/\\\/www.carmel.sk\\\/kaviaren\\\/wp-content\\\/uploads\\\/2023\\\/05\\\/cropped-web_logo-1.png\",\"contentUrl\":\"https:\\\/\\\/www.carmel.sk\\\/kaviaren\\\/wp-content\\\/uploads\\\/2023\\\/05\\\/cropped-web_logo-1.png\",\"width\":1370,\"height\":236,\"caption\":\"kaviare\u0148\"},\"image\":{\"@id\":\"https:\\\/\\\/www.carmel.sk\\\/kaviaren\\\/#\\\/schema\\\/logo\\\/image\\\/\"}},{\"@type\":\"Person\",\"@id\":\"https:\\\/\\\/www.carmel.sk\\\/kaviaren\\\/#\\\/schema\\\/person\\\/675394734afd0f3cb505ec9807f97302\",\"name\":\"admin\",\"image\":{\"@type\":\"ImageObject\",\"inLanguage\":\"sk-SK\",\"@id\":\"https:\\\/\\\/secure.gravatar.com\\\/avatar\\\/76765655c3c0fdd048ae6c8899d243400a415d89896434d1b6d8f9460ca1f413?s=96&d=mm&r=g\",\"url\":\"https:\\\/\\\/secure.gravatar.com\\\/avatar\\\/76765655c3c0fdd048ae6c8899d243400a415d89896434d1b6d8f9460ca1f413?s=96&d=mm&r=g\",\"contentUrl\":\"https:\\\/\\\/secure.gravatar.com\\\/avatar\\\/76765655c3c0fdd048ae6c8899d243400a415d89896434d1b6d8f9460ca1f413?s=96&d=mm&r=g\",\"caption\":\"admin\"},\"sameAs\":[\"https:\\\/\\\/www.carmel.sk\\\/kaviaren\"],\"url\":\"https:\\\/\\\/www.carmel.sk\\\/kaviaren\\\/index.php\\\/author\\\/admin\\\/\"}]}<\/script>\n<!-- \/ Yoast SEO plugin. -->","yoast_head_json":{"title":"Adventn\u00fd kalend\u00e1r pln\u00fd dobra - kaviare\u0148","robots":{"index":"index","follow":"follow","max-snippet":"max-snippet:-1","max-image-preview":"max-image-preview:large","max-video-preview":"max-video-preview:-1"},"canonical":"https:\/\/www.carmel.sk\/kaviaren\/index.php\/2023\/11\/24\/adventny-kalendar-plny-dobra\/","og_locale":"sk_SK","og_type":"article","og_title":"Adventn\u00fd kalend\u00e1r pln\u00fd dobra - kaviare\u0148","og_description":"Spr\u00edjemnite si adventn\u00fd \u010das s na\u0161im adventn\u00fdm kalend\u00e1rom. Pozrite sa na \u00falohy, ktor\u00e9 hravo zvl\u00e1dnete aj s de\u0165mi. Prajeme v\u00e1m pr\u00edjemn\u00fd \u010das pri tom, ako budete nap\u013a\u0148a\u0165 \u00falohy ale i srdcia.","og_url":"https:\/\/www.carmel.sk\/kaviaren\/index.php\/2023\/11\/24\/adventny-kalendar-plny-dobra\/","og_site_name":"kaviare\u0148","article_published_time":"2023-11-24T06:40:31+00:00","article_modified_time":"2023-12-05T06:41:08+00:00","og_image":[{"width":2560,"height":1810,"url":"https:\/\/www.carmel.sk\/kaviaren\/wp-content\/uploads\/2023\/12\/Vianocny_kalendar_CARMEL_2-scaled.jpg","type":"image\/jpeg"}],"author":"admin","twitter_card":"summary_large_image","twitter_misc":{"Autor":"admin","Predpokladan\u00fd \u010das \u010d\u00edtania":"1 min\u00fata"},"schema":{"@context":"https:\/\/schema.org","@graph":[{"@type":"Article","@id":"https:\/\/www.carmel.sk\/kaviaren\/index.php\/2023\/11\/24\/adventny-kalendar-plny-dobra\/#article","isPartOf":{"@id":"https:\/\/www.carmel.sk\/kaviaren\/index.php\/2023\/11\/24\/adventny-kalendar-plny-dobra\/"},"author":{"name":"admin","@id":"https:\/\/www.carmel.sk\/kaviaren\/#\/schema\/person\/675394734afd0f3cb505ec9807f97302"},"headline":"Adventn\u00fd kalend\u00e1r pln\u00fd dobra","datePublished":"2023-11-24T06:40:31+00:00","dateModified":"2023-12-05T06:41:08+00:00","mainEntityOfPage":{"@id":"https:\/\/www.carmel.sk\/kaviaren\/index.php\/2023\/11\/24\/adventny-kalendar-plny-dobra\/"},"wordCount":51,"commentCount":0,"publisher":{"@id":"https:\/\/www.carmel.sk\/kaviaren\/#organization"},"image":{"@id":"https:\/\/www.carmel.sk\/kaviaren\/index.php\/2023\/11\/24\/adventny-kalendar-plny-dobra\/#primaryimage"},"thumbnailUrl":"https:\/\/www.carmel.sk\/kaviaren\/wp-content\/uploads\/2023\/12\/Vianocny_kalendar_CARMEL_2-scaled.jpg","articleSection":["Zauj\u00edmavosti"],"inLanguage":"sk-SK","potentialAction":[{"@type":"CommentAction","name":"Comment","target":["https:\/\/www.carmel.sk\/kaviaren\/index.php\/2023\/11\/24\/adventny-kalendar-plny-dobra\/#respond"]}]},{"@type":"WebPage","@id":"https:\/\/www.carmel.sk\/kaviaren\/index.php\/2023\/11\/24\/adventny-kalendar-plny-dobra\/","url":"https:\/\/www.carmel.sk\/kaviaren\/index.php\/2023\/11\/24\/adventny-kalendar-plny-dobra\/","name":"Adventn\u00fd kalend\u00e1r pln\u00fd dobra - kaviare\u0148","isPartOf":{"@id":"https:\/\/www.carmel.sk\/kaviaren\/#website"},"primaryImageOfPage":{"@id":"https:\/\/www.carmel.sk\/kaviaren\/index.php\/2023\/11\/24\/adventny-kalendar-plny-dobra\/#primaryimage"},"image":{"@id":"https:\/\/www.carmel.sk\/kaviaren\/index.php\/2023\/11\/24\/adventny-kalendar-plny-dobra\/#primaryimage"},"thumbnailUrl":"https:\/\/www.carmel.sk\/kaviaren\/wp-content\/uploads\/2023\/12\/Vianocny_kalendar_CARMEL_2-scaled.jpg","datePublished":"2023-11-24T06:40:31+00:00","dateModified":"2023-12-05T06:41:08+00:00","breadcrumb":{"@id":"https:\/\/www.carmel.sk\/kaviaren\/index.php\/2023\/11\/24\/adventny-kalendar-plny-dobra\/#breadcrumb"},"inLanguage":"sk-SK","potentialAction":[{"@type":"ReadAction","target":["https:\/\/www.carmel.sk\/kaviaren\/index.php\/2023\/11\/24\/adventny-kalendar-plny-dobra\/"]}]},{"@type":"ImageObject","inLanguage":"sk-SK","@id":"https:\/\/www.carmel.sk\/kaviaren\/index.php\/2023\/11\/24\/adventny-kalendar-plny-dobra\/#primaryimage","url":"https:\/\/www.carmel.sk\/kaviaren\/wp-content\/uploads\/2023\/12\/Vianocny_kalendar_CARMEL_2-scaled.jpg","contentUrl":"https:\/\/www.carmel.sk\/kaviaren\/wp-content\/uploads\/2023\/12\/Vianocny_kalendar_CARMEL_2-scaled.jpg","width":2560,"height":1810},{"@type":"BreadcrumbList","@id":"https:\/\/www.carmel.sk\/kaviaren\/index.php\/2023\/11\/24\/adventny-kalendar-plny-dobra\/#breadcrumb","itemListElement":[{"@type":"ListItem","position":1,"name":"Home","item":"https:\/\/www.carmel.sk\/kaviaren\/"},{"@type":"ListItem","position":2,"name":"Adventn\u00fd kalend\u00e1r pln\u00fd dobra"}]},{"@type":"WebSite","@id":"https:\/\/www.carmel.sk\/kaviaren\/#website","url":"https:\/\/www.carmel.sk\/kaviaren\/","name":"kaviare\u0148","description":"","publisher":{"@id":"https:\/\/www.carmel.sk\/kaviaren\/#organization"},"potentialAction":[{"@type":"SearchAction","target":{"@type":"EntryPoint","urlTemplate":"https:\/\/www.carmel.sk\/kaviaren\/?s={search_term_string}"},"query-input":{"@type":"PropertyValueSpecification","valueRequired":true,"valueName":"search_term_string"}}],"inLanguage":"sk-SK"},{"@type":"Organization","@id":"https:\/\/www.carmel.sk\/kaviaren\/#organization","name":"kaviare\u0148","url":"https:\/\/www.carmel.sk\/kaviaren\/","logo":{"@type":"ImageObject","inLanguage":"sk-SK","@id":"https:\/\/www.carmel.sk\/kaviaren\/#\/schema\/logo\/image\/","url":"https:\/\/www.carmel.sk\/kaviaren\/wp-content\/uploads\/2023\/05\/cropped-web_logo-1.png","contentUrl":"https:\/\/www.carmel.sk\/kaviaren\/wp-content\/uploads\/2023\/05\/cropped-web_logo-1.png","width":1370,"height":236,"caption":"kaviare\u0148"},"image":{"@id":"https:\/\/www.carmel.sk\/kaviaren\/#\/schema\/logo\/image\/"}},{"@type":"Person","@id":"https:\/\/www.carmel.sk\/kaviaren\/#\/schema\/person\/675394734afd0f3cb505ec9807f97302","name":"admin","image":{"@type":"ImageObject","inLanguage":"sk-SK","@id":"https:\/\/secure.gravatar.com\/avatar\/76765655c3c0fdd048ae6c8899d243400a415d89896434d1b6d8f9460ca1f413?s=96&d=mm&r=g","url":"https:\/\/secure.gravatar.com\/avatar\/76765655c3c0fdd048ae6c8899d243400a415d89896434d1b6d8f9460ca1f413?s=96&d=mm&r=g","contentUrl":"https:\/\/secure.gravatar.com\/avatar\/76765655c3c0fdd048ae6c8899d243400a415d89896434d1b6d8f9460ca1f413?s=96&d=mm&r=g","caption":"admin"},"sameAs":["https:\/\/www.carmel.sk\/kaviaren"],"url":"https:\/\/www.carmel.sk\/kaviaren\/index.php\/author\/admin\/"}]}},"_links":{"self":[{"href":"https:\/\/www.carmel.sk\/kaviaren\/index.php\/wp-json\/wp\/v2\/posts\/250","targetHints":{"allow":["GET"]}}],"collection":[{"href":"https:\/\/www.carmel.sk\/kaviaren\/index.php\/wp-json\/wp\/v2\/posts"}],"about":[{"href":"https:\/\/www.carmel.sk\/kaviaren\/index.php\/wp-json\/wp\/v2\/types\/post"}],"author":[{"embeddable":true,"href":"https:\/\/www.carmel.sk\/kaviaren\/index.php\/wp-json\/wp\/v2\/users\/1"}],"replies":[{"embeddable":true,"href":"https:\/\/www.carmel.sk\/kaviaren\/index.php\/wp-json\/wp\/v2\/comments?post=250"}],"version-history":[{"count":1,"href":"https:\/\/www.carmel.sk\/kaviaren\/index.php\/wp-json\/wp\/v2\/posts\/250\/revisions"}],"predecessor-version":[{"id":254,"href":"https:\/\/www.carmel.sk\/kaviaren\/index.php\/wp-json\/wp\/v2\/posts\/250\/revisions\/254"}],"wp:featuredmedia":[{"embeddable":true,"href":"https:\/\/www.carmel.sk\/kaviaren\/index.php\/wp-json\/wp\/v2\/media\/252"}],"wp:attachment":[{"href":"https:\/\/www.carmel.sk\/kaviaren\/index.php\/wp-json\/wp\/v2\/media?parent=250"}],"wp:term":[{"taxonomy":"category","embeddable":true,"href":"https:\/\/www.carmel.sk\/kaviaren\/index.php\/wp-json\/wp\/v2\/categories?post=250"},{"taxonomy":"post_tag","embeddable":true,"href":"https:\/\/www.carmel.sk\/kaviaren\/index.php\/wp-json\/wp\/v2\/tags?post=250"}],"curies":[{"name":"wp","href":"https:\/\/api.w.org\/{rel}","templated":true}]}}