{"id":461,"date":"2026-02-26T09:38:43","date_gmt":"2026-02-26T08:38:43","guid":{"rendered":"https:\/\/www.carmel.sk\/biblicketabory\/?p=461"},"modified":"2026-02-26T09:43:00","modified_gmt":"2026-02-26T08:43:00","slug":"2-taborovy-tim-pre-tabory-2026","status":"publish","type":"post","link":"https:\/\/www.carmel.sk\/biblicketabory\/index.php\/2026\/02\/26\/2-taborovy-tim-pre-tabory-2026\/","title":{"rendered":"2. t\u00e1borov\u00fd t\u00edm pre t\u00e1bory 2026"},"content":{"rendered":"\n<p>V sobotu 21. febru\u00e1ra 2026 bola na\u0161a ob\u013e\u00faben\u00e1 kaviare\u0148 Carmel Caf\u00e9 v Se\u010dovciach zatvoren\u00e1, preto\u017ee hostila \u013eud\u00ed z n\u00e1\u0161ho spolo\u010denstva, ktor\u00ed v sebe rok \u010do rok nach\u00e1dzaj\u00fa z\u00e1pal do slu\u017eby na letn\u00fdch biblick\u00fdch t\u00e1boroch. Toto na\u0161e stretnutie ako ho naz\u00fdvame my, t\u00e1borov\u00fd t\u00edm, bolo v \u0161kolskom roku 2025\/2026&nbsp;u\u017e druh\u00e9 v porad\u00ed.<\/p>\n\n\n\n<p>Po tom, ako sme sa v\u0161etci zi\u0161li a pripravili priestory, sme n\u00e1\u0161 t\u00edm za\u010dali \u00favodn\u00fdm zamyslen\u00edm a chv\u00e1lami. \u010ealej nasledovala prv\u00e1 \u010d\u00edtacia diel\u0148a, kde sme rozoberali konkr\u00e9tny text z 1. knihy Samuelovej, ktor\u00fd je tematikou tohtoro\u010dn\u00e9ho t\u00e1bora. Tu sme sa sna\u017eili zam\u00fd\u0161\u013ea\u0165 sa nad \u010d\u00edtan\u00fdm textom. Ka\u017ed\u00fd dostal pr\u00edle\u017eitos\u0165 prispie\u0165 svojim n\u00e1padom, ako ho zakomponova\u0165 do hier.<\/p>\n\n\n\n<p>Na\u0161a pr\u00e1ca na t\u00e1borov\u00fdch t\u00edmoch zah\u0155\u0148a napr\u00edklad pr\u00edpravu hier, workshopov a ve\u010dern\u00fdch programov, no okrem toho sa venujeme aj pr\u00e1ci s biblick\u00fdm textom a jeho prepojeniu s cel\u00fdm t\u00e1borom. Pr\u00e1ve preto s\u00fa s\u00fa\u010das\u0165ou programu aj \u010d\u00edtacie dielne a semin\u00e1re, ktor\u00e9 n\u00e1m maj\u00fa pom\u00f4c\u0165 lep\u0161ie porozumie\u0165 textu, ktor\u00fd sl\u00fa\u017ei ako tematick\u00fd podklad pre t\u00e1bor. Sna\u017e\u00edme sa \u00eds\u0165 do h\u013abky, aby sme nesk\u00f4r mohli de\u0165om a dorastencom \u010do najlep\u0161ie odovzda\u0165 v\u0161etky d\u00f4le\u017eit\u00e9 my\u0161lienky a privies\u0165 ich tak bli\u017e\u0161ie k Bohu.<\/p>\n\n\n\n<p>Po kr\u00e1tkej prest\u00e1vke nasledoval semin\u00e1r, ktor\u00fd bol&nbsp;zameran\u00fd na zlep\u0161enie spolupr\u00e1ce medzi nami, ved\u00facimi. Potom sme si spolo\u010dne pochutili na v\u00fdbornom obede, posilnen\u00ed sme sa pustili do druhej \u010d\u00edtacej dielne, kde sme pokra\u010dovali \u010falej v rozoberanom texte.<\/p>\n\n\n\n<p>Okrem tohto v\u0161etk\u00e9ho sl\u00fa\u017eia tieto t\u00edmy aj ako teambuilding, aby sme sa stretli aj po\u010das \u0161kolsk\u00e9ho roka a utu\u017eili vz\u00e1jomn\u00e9 vz\u0165ahy, trochu lep\u0161ie sa spoznali a tvorili jednotn\u00e9 spolo\u010denstvo. Je povzbudzuj\u00face vidie\u0165 \u013eud\u00ed, ktor\u00ed s\u00fa ka\u017ed\u00fd odli\u0161n\u00fd, jedine\u010dn\u00fd, ako sa dok\u00e1\u017eu spoji\u0165 a vytvori\u0165 spolo\u010denstvo, ktor\u00e9 sp\u00e1ja t\u00fa\u017eba nasledova\u0165 P\u00e1na Je\u017ei\u0161a a sl\u00fa\u017ei\u0165 Mu. Hoci sme po\u010das roka roztr\u00fasen\u00ed po svete, v\u017edy sa vieme stretn\u00fa\u0165 spolu na jednom mieste, ktor\u00fdm s\u00fa okrem samotn\u00fdch t\u00e1borov aj tieto t\u00e1borov\u00e9 t\u00edmy.<\/p>\n\n\n\n<p><\/p>\n\n\n\n<p>Za t\u00edm,<\/p>\n\n\n\n<p>Marek Hor\u0148\u00e1k<\/p>\n\n\n\n<figure class=\"wp-block-gallery has-nested-images columns-default is-cropped wp-block-gallery-1 is-layout-flex wp-block-gallery-is-layout-flex\"><div class=\"wp-block-image\">\n<figure class=\"aligncenter size-large\"><img loading=\"lazy\" decoding=\"async\" width=\"1024\" height=\"683\" data-id=\"463\" src=\"https:\/\/www.carmel.sk\/biblicketabory\/wp-content\/uploads\/2026\/02\/IMG_3898-1024x683.jpg\" alt=\"\" class=\"wp-image-463\" srcset=\"https:\/\/www.carmel.sk\/biblicketabory\/wp-content\/uploads\/2026\/02\/IMG_3898-1024x683.jpg 1024w, https:\/\/www.carmel.sk\/biblicketabory\/wp-content\/uploads\/2026\/02\/IMG_3898-300x200.jpg 300w, https:\/\/www.carmel.sk\/biblicketabory\/wp-content\/uploads\/2026\/02\/IMG_3898-768x512.jpg 768w, https:\/\/www.carmel.sk\/biblicketabory\/wp-content\/uploads\/2026\/02\/IMG_3898-1536x1024.jpg 1536w, https:\/\/www.carmel.sk\/biblicketabory\/wp-content\/uploads\/2026\/02\/IMG_3898-2048x1366.jpg 2048w\" sizes=\"auto, (max-width: 1024px) 100vw, 1024px\" \/><\/figure>\n<\/div>\n\n\n<figure class=\"wp-block-image size-large\"><img loading=\"lazy\" decoding=\"async\" width=\"765\" height=\"1020\" data-id=\"464\" src=\"https:\/\/www.carmel.sk\/biblicketabory\/wp-content\/uploads\/2026\/02\/2023-12-23.webp\" alt=\"\" class=\"wp-image-464\" srcset=\"https:\/\/www.carmel.sk\/biblicketabory\/wp-content\/uploads\/2026\/02\/2023-12-23.webp 765w, https:\/\/www.carmel.sk\/biblicketabory\/wp-content\/uploads\/2026\/02\/2023-12-23-225x300.webp 225w\" sizes=\"auto, (max-width: 765px) 100vw, 765px\" \/><\/figure>\n<\/figure>\n","protected":false},"excerpt":{"rendered":"<p>V sobotu 21. febru\u00e1ra 2026 bola na\u0161a ob\u013e\u00faben\u00e1 kaviare\u0148 Carmel Caf\u00e9 v Se\u010dovciach zatvoren\u00e1, preto\u017ee hostila \u013eud\u00ed z n\u00e1\u0161ho spolo\u010denstva, ktor\u00ed v sebe rok \u010do rok nach\u00e1dzaj\u00fa z\u00e1pal do slu\u017eby na letn\u00fdch biblick\u00fdch t\u00e1boroch. Toto na\u0161e stretnutie ako ho naz\u00fdvame my, t\u00e1borov\u00fd t\u00edm, bolo v \u0161kolskom roku 2025\/2026&nbsp;u\u017e druh\u00e9 v porad\u00ed. Po tom, ako sme [&hellip;]<\/p>\n","protected":false},"author":2,"featured_media":0,"comment_status":"open","ping_status":"open","sticky":false,"template":"","format":"standard","meta":{"_monsterinsights_skip_tracking":false,"_monsterinsights_sitenote_active":false,"_monsterinsights_sitenote_note":"","_monsterinsights_sitenote_category":0,"footnotes":""},"categories":[1],"tags":[],"class_list":["post-461","post","type-post","status-publish","format-standard","hentry","category-nezaradene"],"yoast_head":"<!-- This site is optimized with the Yoast SEO plugin v27.3 - https:\/\/yoast.com\/product\/yoast-seo-wordpress\/ -->\n<title>2. t\u00e1borov\u00fd t\u00edm pre t\u00e1bory 2026 - Biblick\u00e9 t\u00e1bory na Borde<\/title>\n<meta name=\"robots\" content=\"index, follow, max-snippet:-1, max-image-preview:large, max-video-preview:-1\" \/>\n<link rel=\"canonical\" href=\"https:\/\/www.carmel.sk\/biblicketabory\/index.php\/2026\/02\/26\/2-taborovy-tim-pre-tabory-2026\/\" \/>\n<meta property=\"og:locale\" content=\"sk_SK\" \/>\n<meta property=\"og:type\" content=\"article\" \/>\n<meta property=\"og:title\" content=\"2. t\u00e1borov\u00fd t\u00edm pre t\u00e1bory 2026 - Biblick\u00e9 t\u00e1bory na Borde\" \/>\n<meta property=\"og:description\" content=\"V sobotu 21. febru\u00e1ra 2026 bola na\u0161a ob\u013e\u00faben\u00e1 kaviare\u0148 Carmel Caf\u00e9 v Se\u010dovciach zatvoren\u00e1, preto\u017ee hostila \u013eud\u00ed z n\u00e1\u0161ho spolo\u010denstva, ktor\u00ed v sebe rok \u010do rok nach\u00e1dzaj\u00fa z\u00e1pal do slu\u017eby na letn\u00fdch biblick\u00fdch t\u00e1boroch. Toto na\u0161e stretnutie ako ho naz\u00fdvame my, t\u00e1borov\u00fd t\u00edm, bolo v \u0161kolskom roku 2025\/2026&nbsp;u\u017e druh\u00e9 v porad\u00ed. Po tom, ako sme [&hellip;]\" \/>\n<meta property=\"og:url\" content=\"https:\/\/www.carmel.sk\/biblicketabory\/index.php\/2026\/02\/26\/2-taborovy-tim-pre-tabory-2026\/\" \/>\n<meta property=\"og:site_name\" content=\"Biblick\u00e9 t\u00e1bory na Borde\" \/>\n<meta property=\"article:published_time\" content=\"2026-02-26T08:38:43+00:00\" \/>\n<meta property=\"article:modified_time\" content=\"2026-02-26T08:43:00+00:00\" \/>\n<meta property=\"og:image\" content=\"https:\/\/www.carmel.sk\/biblicketabory\/wp-content\/uploads\/2026\/02\/IMG_3898.jpg\" \/>\n\t<meta property=\"og:image:width\" content=\"2560\" \/>\n\t<meta property=\"og:image:height\" content=\"1707\" \/>\n\t<meta property=\"og:image:type\" content=\"image\/jpeg\" \/>\n<meta name=\"author\" content=\"Kika Marcinkov\u00e1\" \/>\n<meta name=\"twitter:card\" content=\"summary_large_image\" \/>\n<meta name=\"twitter:label1\" content=\"Autor\" \/>\n\t<meta name=\"twitter:data1\" content=\"Kika Marcinkov\u00e1\" \/>\n\t<meta name=\"twitter:label2\" content=\"Predpokladan\u00fd \u010das \u010d\u00edtania\" \/>\n\t<meta name=\"twitter:data2\" content=\"3 min\u00faty\" \/>\n<script type=\"application\/ld+json\" class=\"yoast-schema-graph\">{\"@context\":\"https:\\\/\\\/schema.org\",\"@graph\":[{\"@type\":\"Article\",\"@id\":\"https:\\\/\\\/www.carmel.sk\\\/biblicketabory\\\/index.php\\\/2026\\\/02\\\/26\\\/2-taborovy-tim-pre-tabory-2026\\\/#article\",\"isPartOf\":{\"@id\":\"https:\\\/\\\/www.carmel.sk\\\/biblicketabory\\\/index.php\\\/2026\\\/02\\\/26\\\/2-taborovy-tim-pre-tabory-2026\\\/\"},\"author\":{\"name\":\"Kika Marcinkov\u00e1\",\"@id\":\"https:\\\/\\\/www.carmel.sk\\\/biblicketabory\\\/#\\\/schema\\\/person\\\/63b87ad355fe679f6911f9e9d61c986b\"},\"headline\":\"2. t\u00e1borov\u00fd t\u00edm pre t\u00e1bory 2026\",\"datePublished\":\"2026-02-26T08:38:43+00:00\",\"dateModified\":\"2026-02-26T08:43:00+00:00\",\"mainEntityOfPage\":{\"@id\":\"https:\\\/\\\/www.carmel.sk\\\/biblicketabory\\\/index.php\\\/2026\\\/02\\\/26\\\/2-taborovy-tim-pre-tabory-2026\\\/\"},\"wordCount\":422,\"commentCount\":0,\"image\":{\"@id\":\"https:\\\/\\\/www.carmel.sk\\\/biblicketabory\\\/index.php\\\/2026\\\/02\\\/26\\\/2-taborovy-tim-pre-tabory-2026\\\/#primaryimage\"},\"thumbnailUrl\":\"https:\\\/\\\/www.carmel.sk\\\/biblicketabory\\\/wp-content\\\/uploads\\\/2026\\\/02\\\/IMG_3898-1024x683.jpg\",\"inLanguage\":\"sk-SK\",\"potentialAction\":[{\"@type\":\"CommentAction\",\"name\":\"Comment\",\"target\":[\"https:\\\/\\\/www.carmel.sk\\\/biblicketabory\\\/index.php\\\/2026\\\/02\\\/26\\\/2-taborovy-tim-pre-tabory-2026\\\/#respond\"]}]},{\"@type\":\"WebPage\",\"@id\":\"https:\\\/\\\/www.carmel.sk\\\/biblicketabory\\\/index.php\\\/2026\\\/02\\\/26\\\/2-taborovy-tim-pre-tabory-2026\\\/\",\"url\":\"https:\\\/\\\/www.carmel.sk\\\/biblicketabory\\\/index.php\\\/2026\\\/02\\\/26\\\/2-taborovy-tim-pre-tabory-2026\\\/\",\"name\":\"2. t\u00e1borov\u00fd t\u00edm pre t\u00e1bory 2026 - Biblick\u00e9 t\u00e1bory na Borde\",\"isPartOf\":{\"@id\":\"https:\\\/\\\/www.carmel.sk\\\/biblicketabory\\\/#website\"},\"primaryImageOfPage\":{\"@id\":\"https:\\\/\\\/www.carmel.sk\\\/biblicketabory\\\/index.php\\\/2026\\\/02\\\/26\\\/2-taborovy-tim-pre-tabory-2026\\\/#primaryimage\"},\"image\":{\"@id\":\"https:\\\/\\\/www.carmel.sk\\\/biblicketabory\\\/index.php\\\/2026\\\/02\\\/26\\\/2-taborovy-tim-pre-tabory-2026\\\/#primaryimage\"},\"thumbnailUrl\":\"https:\\\/\\\/www.carmel.sk\\\/biblicketabory\\\/wp-content\\\/uploads\\\/2026\\\/02\\\/IMG_3898-1024x683.jpg\",\"datePublished\":\"2026-02-26T08:38:43+00:00\",\"dateModified\":\"2026-02-26T08:43:00+00:00\",\"author\":{\"@id\":\"https:\\\/\\\/www.carmel.sk\\\/biblicketabory\\\/#\\\/schema\\\/person\\\/63b87ad355fe679f6911f9e9d61c986b\"},\"breadcrumb\":{\"@id\":\"https:\\\/\\\/www.carmel.sk\\\/biblicketabory\\\/index.php\\\/2026\\\/02\\\/26\\\/2-taborovy-tim-pre-tabory-2026\\\/#breadcrumb\"},\"inLanguage\":\"sk-SK\",\"potentialAction\":[{\"@type\":\"ReadAction\",\"target\":[\"https:\\\/\\\/www.carmel.sk\\\/biblicketabory\\\/index.php\\\/2026\\\/02\\\/26\\\/2-taborovy-tim-pre-tabory-2026\\\/\"]}]},{\"@type\":\"ImageObject\",\"inLanguage\":\"sk-SK\",\"@id\":\"https:\\\/\\\/www.carmel.sk\\\/biblicketabory\\\/index.php\\\/2026\\\/02\\\/26\\\/2-taborovy-tim-pre-tabory-2026\\\/#primaryimage\",\"url\":\"https:\\\/\\\/www.carmel.sk\\\/biblicketabory\\\/wp-content\\\/uploads\\\/2026\\\/02\\\/IMG_3898.jpg\",\"contentUrl\":\"https:\\\/\\\/www.carmel.sk\\\/biblicketabory\\\/wp-content\\\/uploads\\\/2026\\\/02\\\/IMG_3898.jpg\",\"width\":2560,\"height\":1707},{\"@type\":\"BreadcrumbList\",\"@id\":\"https:\\\/\\\/www.carmel.sk\\\/biblicketabory\\\/index.php\\\/2026\\\/02\\\/26\\\/2-taborovy-tim-pre-tabory-2026\\\/#breadcrumb\",\"itemListElement\":[{\"@type\":\"ListItem\",\"position\":1,\"name\":\"Home\",\"item\":\"https:\\\/\\\/www.carmel.sk\\\/biblicketabory\\\/\"},{\"@type\":\"ListItem\",\"position\":2,\"name\":\"2. t\u00e1borov\u00fd t\u00edm pre t\u00e1bory 2026\"}]},{\"@type\":\"WebSite\",\"@id\":\"https:\\\/\\\/www.carmel.sk\\\/biblicketabory\\\/#website\",\"url\":\"https:\\\/\\\/www.carmel.sk\\\/biblicketabory\\\/\",\"name\":\"Biblick\u00e9 t\u00e1bory na Borde\",\"description\":\"\",\"potentialAction\":[{\"@type\":\"SearchAction\",\"target\":{\"@type\":\"EntryPoint\",\"urlTemplate\":\"https:\\\/\\\/www.carmel.sk\\\/biblicketabory\\\/?s={search_term_string}\"},\"query-input\":{\"@type\":\"PropertyValueSpecification\",\"valueRequired\":true,\"valueName\":\"search_term_string\"}}],\"inLanguage\":\"sk-SK\"},{\"@type\":\"Person\",\"@id\":\"https:\\\/\\\/www.carmel.sk\\\/biblicketabory\\\/#\\\/schema\\\/person\\\/63b87ad355fe679f6911f9e9d61c986b\",\"name\":\"Kika Marcinkov\u00e1\",\"image\":{\"@type\":\"ImageObject\",\"inLanguage\":\"sk-SK\",\"@id\":\"https:\\\/\\\/secure.gravatar.com\\\/avatar\\\/f9770cb25588c0b720eeee6072ce62715c196f752e5bb34c2b57e07b343c0326?s=96&d=mm&r=g\",\"url\":\"https:\\\/\\\/secure.gravatar.com\\\/avatar\\\/f9770cb25588c0b720eeee6072ce62715c196f752e5bb34c2b57e07b343c0326?s=96&d=mm&r=g\",\"contentUrl\":\"https:\\\/\\\/secure.gravatar.com\\\/avatar\\\/f9770cb25588c0b720eeee6072ce62715c196f752e5bb34c2b57e07b343c0326?s=96&d=mm&r=g\",\"caption\":\"Kika Marcinkov\u00e1\"},\"url\":\"https:\\\/\\\/www.carmel.sk\\\/biblicketabory\\\/index.php\\\/author\\\/kika\\\/\"}]}<\/script>\n<!-- \/ Yoast SEO plugin. -->","yoast_head_json":{"title":"2. t\u00e1borov\u00fd t\u00edm pre t\u00e1bory 2026 - Biblick\u00e9 t\u00e1bory na Borde","robots":{"index":"index","follow":"follow","max-snippet":"max-snippet:-1","max-image-preview":"max-image-preview:large","max-video-preview":"max-video-preview:-1"},"canonical":"https:\/\/www.carmel.sk\/biblicketabory\/index.php\/2026\/02\/26\/2-taborovy-tim-pre-tabory-2026\/","og_locale":"sk_SK","og_type":"article","og_title":"2. t\u00e1borov\u00fd t\u00edm pre t\u00e1bory 2026 - Biblick\u00e9 t\u00e1bory na Borde","og_description":"V sobotu 21. febru\u00e1ra 2026 bola na\u0161a ob\u013e\u00faben\u00e1 kaviare\u0148 Carmel Caf\u00e9 v Se\u010dovciach zatvoren\u00e1, preto\u017ee hostila \u013eud\u00ed z n\u00e1\u0161ho spolo\u010denstva, ktor\u00ed v sebe rok \u010do rok nach\u00e1dzaj\u00fa z\u00e1pal do slu\u017eby na letn\u00fdch biblick\u00fdch t\u00e1boroch. Toto na\u0161e stretnutie ako ho naz\u00fdvame my, t\u00e1borov\u00fd t\u00edm, bolo v \u0161kolskom roku 2025\/2026&nbsp;u\u017e druh\u00e9 v porad\u00ed. Po tom, ako sme [&hellip;]","og_url":"https:\/\/www.carmel.sk\/biblicketabory\/index.php\/2026\/02\/26\/2-taborovy-tim-pre-tabory-2026\/","og_site_name":"Biblick\u00e9 t\u00e1bory na Borde","article_published_time":"2026-02-26T08:38:43+00:00","article_modified_time":"2026-02-26T08:43:00+00:00","og_image":[{"width":2560,"height":1707,"url":"https:\/\/www.carmel.sk\/biblicketabory\/wp-content\/uploads\/2026\/02\/IMG_3898.jpg","type":"image\/jpeg"}],"author":"Kika Marcinkov\u00e1","twitter_card":"summary_large_image","twitter_misc":{"Autor":"Kika Marcinkov\u00e1","Predpokladan\u00fd \u010das \u010d\u00edtania":"3 min\u00faty"},"schema":{"@context":"https:\/\/schema.org","@graph":[{"@type":"Article","@id":"https:\/\/www.carmel.sk\/biblicketabory\/index.php\/2026\/02\/26\/2-taborovy-tim-pre-tabory-2026\/#article","isPartOf":{"@id":"https:\/\/www.carmel.sk\/biblicketabory\/index.php\/2026\/02\/26\/2-taborovy-tim-pre-tabory-2026\/"},"author":{"name":"Kika Marcinkov\u00e1","@id":"https:\/\/www.carmel.sk\/biblicketabory\/#\/schema\/person\/63b87ad355fe679f6911f9e9d61c986b"},"headline":"2. t\u00e1borov\u00fd t\u00edm pre t\u00e1bory 2026","datePublished":"2026-02-26T08:38:43+00:00","dateModified":"2026-02-26T08:43:00+00:00","mainEntityOfPage":{"@id":"https:\/\/www.carmel.sk\/biblicketabory\/index.php\/2026\/02\/26\/2-taborovy-tim-pre-tabory-2026\/"},"wordCount":422,"commentCount":0,"image":{"@id":"https:\/\/www.carmel.sk\/biblicketabory\/index.php\/2026\/02\/26\/2-taborovy-tim-pre-tabory-2026\/#primaryimage"},"thumbnailUrl":"https:\/\/www.carmel.sk\/biblicketabory\/wp-content\/uploads\/2026\/02\/IMG_3898-1024x683.jpg","inLanguage":"sk-SK","potentialAction":[{"@type":"CommentAction","name":"Comment","target":["https:\/\/www.carmel.sk\/biblicketabory\/index.php\/2026\/02\/26\/2-taborovy-tim-pre-tabory-2026\/#respond"]}]},{"@type":"WebPage","@id":"https:\/\/www.carmel.sk\/biblicketabory\/index.php\/2026\/02\/26\/2-taborovy-tim-pre-tabory-2026\/","url":"https:\/\/www.carmel.sk\/biblicketabory\/index.php\/2026\/02\/26\/2-taborovy-tim-pre-tabory-2026\/","name":"2. t\u00e1borov\u00fd t\u00edm pre t\u00e1bory 2026 - Biblick\u00e9 t\u00e1bory na Borde","isPartOf":{"@id":"https:\/\/www.carmel.sk\/biblicketabory\/#website"},"primaryImageOfPage":{"@id":"https:\/\/www.carmel.sk\/biblicketabory\/index.php\/2026\/02\/26\/2-taborovy-tim-pre-tabory-2026\/#primaryimage"},"image":{"@id":"https:\/\/www.carmel.sk\/biblicketabory\/index.php\/2026\/02\/26\/2-taborovy-tim-pre-tabory-2026\/#primaryimage"},"thumbnailUrl":"https:\/\/www.carmel.sk\/biblicketabory\/wp-content\/uploads\/2026\/02\/IMG_3898-1024x683.jpg","datePublished":"2026-02-26T08:38:43+00:00","dateModified":"2026-02-26T08:43:00+00:00","author":{"@id":"https:\/\/www.carmel.sk\/biblicketabory\/#\/schema\/person\/63b87ad355fe679f6911f9e9d61c986b"},"breadcrumb":{"@id":"https:\/\/www.carmel.sk\/biblicketabory\/index.php\/2026\/02\/26\/2-taborovy-tim-pre-tabory-2026\/#breadcrumb"},"inLanguage":"sk-SK","potentialAction":[{"@type":"ReadAction","target":["https:\/\/www.carmel.sk\/biblicketabory\/index.php\/2026\/02\/26\/2-taborovy-tim-pre-tabory-2026\/"]}]},{"@type":"ImageObject","inLanguage":"sk-SK","@id":"https:\/\/www.carmel.sk\/biblicketabory\/index.php\/2026\/02\/26\/2-taborovy-tim-pre-tabory-2026\/#primaryimage","url":"https:\/\/www.carmel.sk\/biblicketabory\/wp-content\/uploads\/2026\/02\/IMG_3898.jpg","contentUrl":"https:\/\/www.carmel.sk\/biblicketabory\/wp-content\/uploads\/2026\/02\/IMG_3898.jpg","width":2560,"height":1707},{"@type":"BreadcrumbList","@id":"https:\/\/www.carmel.sk\/biblicketabory\/index.php\/2026\/02\/26\/2-taborovy-tim-pre-tabory-2026\/#breadcrumb","itemListElement":[{"@type":"ListItem","position":1,"name":"Home","item":"https:\/\/www.carmel.sk\/biblicketabory\/"},{"@type":"ListItem","position":2,"name":"2. t\u00e1borov\u00fd t\u00edm pre t\u00e1bory 2026"}]},{"@type":"WebSite","@id":"https:\/\/www.carmel.sk\/biblicketabory\/#website","url":"https:\/\/www.carmel.sk\/biblicketabory\/","name":"Biblick\u00e9 t\u00e1bory na Borde","description":"","potentialAction":[{"@type":"SearchAction","target":{"@type":"EntryPoint","urlTemplate":"https:\/\/www.carmel.sk\/biblicketabory\/?s={search_term_string}"},"query-input":{"@type":"PropertyValueSpecification","valueRequired":true,"valueName":"search_term_string"}}],"inLanguage":"sk-SK"},{"@type":"Person","@id":"https:\/\/www.carmel.sk\/biblicketabory\/#\/schema\/person\/63b87ad355fe679f6911f9e9d61c986b","name":"Kika Marcinkov\u00e1","image":{"@type":"ImageObject","inLanguage":"sk-SK","@id":"https:\/\/secure.gravatar.com\/avatar\/f9770cb25588c0b720eeee6072ce62715c196f752e5bb34c2b57e07b343c0326?s=96&d=mm&r=g","url":"https:\/\/secure.gravatar.com\/avatar\/f9770cb25588c0b720eeee6072ce62715c196f752e5bb34c2b57e07b343c0326?s=96&d=mm&r=g","contentUrl":"https:\/\/secure.gravatar.com\/avatar\/f9770cb25588c0b720eeee6072ce62715c196f752e5bb34c2b57e07b343c0326?s=96&d=mm&r=g","caption":"Kika Marcinkov\u00e1"},"url":"https:\/\/www.carmel.sk\/biblicketabory\/index.php\/author\/kika\/"}]}},"_links":{"self":[{"href":"https:\/\/www.carmel.sk\/biblicketabory\/index.php\/wp-json\/wp\/v2\/posts\/461","targetHints":{"allow":["GET"]}}],"collection":[{"href":"https:\/\/www.carmel.sk\/biblicketabory\/index.php\/wp-json\/wp\/v2\/posts"}],"about":[{"href":"https:\/\/www.carmel.sk\/biblicketabory\/index.php\/wp-json\/wp\/v2\/types\/post"}],"author":[{"embeddable":true,"href":"https:\/\/www.carmel.sk\/biblicketabory\/index.php\/wp-json\/wp\/v2\/users\/2"}],"replies":[{"embeddable":true,"href":"https:\/\/www.carmel.sk\/biblicketabory\/index.php\/wp-json\/wp\/v2\/comments?post=461"}],"version-history":[{"count":2,"href":"https:\/\/www.carmel.sk\/biblicketabory\/index.php\/wp-json\/wp\/v2\/posts\/461\/revisions"}],"predecessor-version":[{"id":466,"href":"https:\/\/www.carmel.sk\/biblicketabory\/index.php\/wp-json\/wp\/v2\/posts\/461\/revisions\/466"}],"wp:attachment":[{"href":"https:\/\/www.carmel.sk\/biblicketabory\/index.php\/wp-json\/wp\/v2\/media?parent=461"}],"wp:term":[{"taxonomy":"category","embeddable":true,"href":"https:\/\/www.carmel.sk\/biblicketabory\/index.php\/wp-json\/wp\/v2\/categories?post=461"},{"taxonomy":"post_tag","embeddable":true,"href":"https:\/\/www.carmel.sk\/biblicketabory\/index.php\/wp-json\/wp\/v2\/tags?post=461"}],"curies":[{"name":"wp","href":"https:\/\/api.w.org\/{rel}","templated":true}]}}