{"id":438,"date":"2025-12-01T15:17:37","date_gmt":"2025-12-01T14:17:37","guid":{"rendered":"https:\/\/www.carmel.sk\/biblicketabory\/?p=438"},"modified":"2025-12-01T15:17:38","modified_gmt":"2025-12-01T14:17:38","slug":"letne-biblicke-tabory-2025-divocina","status":"publish","type":"post","link":"https:\/\/www.carmel.sk\/biblicketabory\/index.php\/2025\/12\/01\/letne-biblicke-tabory-2025-divocina\/","title":{"rendered":"Letn\u00e9 biblick\u00e9 t\u00e1bory 2025 &#8211; Divo\u010dina"},"content":{"rendered":"\n<p>Biblick\u00e9 t\u00e1bory na Borde s\u00fa u\u017e roky miestom, kde sa stret\u00e1va dobrodru\u017estvo s hodnotami, ktor\u00e9 pretrv\u00e1vaj\u00fa cel\u00fd \u017eivot. Sprev\u00e1dzala n\u00e1s t\u00e9ma Divo\u010dina, \u010do jedn\u00fdm slovom popisuje sp\u00f4sob \u017eivota J\u00e1na Krstite\u013ea. Na tejto biblickej postave sme sa sna\u017eili mlad\u00fdm \u00fa\u010dastn\u00edkom pribl\u00ed\u017ei\u0165 krst, Ducha Sv\u00e4t\u00e9ho alebo napr\u00edklad, ak\u00e9 k\u013e\u00fa\u010dov\u00e9 je h\u013eada\u0165 \u00falohu, do ktorej n\u00e1s P\u00e1n Boh povol\u00e1va, prija\u0165 ju a zosta\u0165 v nej vern\u00fd a trpezliv\u00fd.<\/p>\n\n\n\n<p>Podarili sa n\u00e1m 2 po\u017eehnan\u00e9 turnusy: dorasteneck\u00fd (57 \u00fa\u010dastn\u00edkov) a detsk\u00fd (44 \u00fa\u010dastn\u00edkov). Stane sa, \u017ee \u010dlovek, ktor\u00fd o tak\u00fdchto t\u00e1boroch nepo\u010dul sa prirodzene sp\u00fdta: \u201e\u010co sa rob\u00ed na biblick\u00fdch t\u00e1boroch? Len sa cel\u00fd de\u0148 modl\u00edte?\u201d \ud83d\ude42<\/p>\n\n\n\n<p>Hm, ani to niekedy nie; mnoh\u00e9 deti sa stretn\u00fa s modlitbou prv\u00fdkr\u00e1t. K tomu sa ich sna\u017e\u00edme motivova\u0165 na rann\u00fdch a ve\u010dern\u00fdch st\u00ed\u0161eniach v men\u0161\u00edch skupink\u00e1ch. \u00c1no, hlavn\u00fd fokus je na biblickej t\u00e9me, ktor\u00e1 je s\u00fa\u010das\u0165ou ka\u017ed\u00e9ho ve\u010dern\u00e9ho programu vo forme vyu\u010dovania a\u00a0chv\u00e1l. Skuto\u010dn\u00fd \u201cbiblick\u00fd program\u201d v\u0161ak za\u010d\u00edna pr\u00e1ve po\u010das doobedn\u00fdch hier. V momentoch, kde sa kladie d\u00f4raz na spravodlivos\u0165, vz\u00e1jomn\u00e9 u\u010denie t\u00edmovosti, v\u0161tepovanie\u00a0l\u00e1skavosti \u010di ako \u017ei\u0165 vieru na\u017eivo, ke\u010f na to nie s\u00fa najvhodnej\u0161ie podmienky. U\u010denie biblick\u00fdch princ\u00edpov pokra\u010duje aj po\u010das poobedn\u00fdch workshopov (pod\u013ea z\u00e1ujmu), kde sa \u00fa\u010dastn\u00edci mohli u\u010di\u0165 od in\u0161pirat\u00edvnych mu\u017eov aj \u017eien: chlapci napr\u00edklad v skautskom, kutilskom \u010di \u0161portovom workshope a diev\u010dat\u00e1 v kulin\u00e1rskom alebo kreat\u00edvnom workshope. (Samozrejme, v\u00fdber nebol striktne viazan\u00fd na pohlavie, ka\u017ed\u00fd si mohol vybra\u0165 to, \u010do ho zauj\u00edmalo a kde sa chcel rozv\u00edja\u0165).<\/p>\n\n\n\n<p>Sia\u0165 l\u00e1skou a darmi. Tak, toto sa tam deje cel\u00fd de\u0148. R\u00e1ta sa to ako celodenn\u00e1 modlitba?<\/p>\n\n\n\n<p>Tamara Nagyov\u00e1<\/p>\n\n\n\n<figure class=\"wp-block-gallery has-nested-images columns-default is-cropped wp-block-gallery-1 is-layout-flex wp-block-gallery-is-layout-flex\">\n<figure class=\"wp-block-image size-large\"><img loading=\"lazy\" decoding=\"async\" width=\"1024\" height=\"683\" data-id=\"444\" src=\"https:\/\/www.carmel.sk\/biblicketabory\/wp-content\/uploads\/2025\/12\/IMG_3851-1024x683.jpg\" alt=\"\" class=\"wp-image-444\" srcset=\"https:\/\/www.carmel.sk\/biblicketabory\/wp-content\/uploads\/2025\/12\/IMG_3851-1024x683.jpg 1024w, https:\/\/www.carmel.sk\/biblicketabory\/wp-content\/uploads\/2025\/12\/IMG_3851-300x200.jpg 300w, https:\/\/www.carmel.sk\/biblicketabory\/wp-content\/uploads\/2025\/12\/IMG_3851-768x512.jpg 768w, https:\/\/www.carmel.sk\/biblicketabory\/wp-content\/uploads\/2025\/12\/IMG_3851-1536x1024.jpg 1536w, https:\/\/www.carmel.sk\/biblicketabory\/wp-content\/uploads\/2025\/12\/IMG_3851-2048x1365.jpg 2048w\" sizes=\"auto, (max-width: 1024px) 100vw, 1024px\" \/><\/figure>\n\n\n\n<figure class=\"wp-block-image size-large\"><img loading=\"lazy\" decoding=\"async\" width=\"1024\" height=\"683\" data-id=\"441\" src=\"https:\/\/www.carmel.sk\/biblicketabory\/wp-content\/uploads\/2025\/12\/IMG_3651-1024x683.jpg\" alt=\"\" class=\"wp-image-441\" srcset=\"https:\/\/www.carmel.sk\/biblicketabory\/wp-content\/uploads\/2025\/12\/IMG_3651-1024x683.jpg 1024w, https:\/\/www.carmel.sk\/biblicketabory\/wp-content\/uploads\/2025\/12\/IMG_3651-300x200.jpg 300w, https:\/\/www.carmel.sk\/biblicketabory\/wp-content\/uploads\/2025\/12\/IMG_3651-768x512.jpg 768w, https:\/\/www.carmel.sk\/biblicketabory\/wp-content\/uploads\/2025\/12\/IMG_3651-1536x1024.jpg 1536w, https:\/\/www.carmel.sk\/biblicketabory\/wp-content\/uploads\/2025\/12\/IMG_3651-2048x1365.jpg 2048w\" sizes=\"auto, (max-width: 1024px) 100vw, 1024px\" \/><\/figure>\n\n\n\n<figure class=\"wp-block-image size-large\"><img loading=\"lazy\" decoding=\"async\" width=\"1024\" height=\"683\" data-id=\"442\" src=\"https:\/\/www.carmel.sk\/biblicketabory\/wp-content\/uploads\/2025\/12\/IMG_3772-1024x683.jpg\" alt=\"\" class=\"wp-image-442\" srcset=\"https:\/\/www.carmel.sk\/biblicketabory\/wp-content\/uploads\/2025\/12\/IMG_3772-1024x683.jpg 1024w, https:\/\/www.carmel.sk\/biblicketabory\/wp-content\/uploads\/2025\/12\/IMG_3772-300x200.jpg 300w, https:\/\/www.carmel.sk\/biblicketabory\/wp-content\/uploads\/2025\/12\/IMG_3772-768x512.jpg 768w, https:\/\/www.carmel.sk\/biblicketabory\/wp-content\/uploads\/2025\/12\/IMG_3772-1536x1024.jpg 1536w, https:\/\/www.carmel.sk\/biblicketabory\/wp-content\/uploads\/2025\/12\/IMG_3772-2048x1365.jpg 2048w\" sizes=\"auto, (max-width: 1024px) 100vw, 1024px\" \/><\/figure>\n\n\n\n<figure class=\"wp-block-image size-large\"><img loading=\"lazy\" decoding=\"async\" width=\"1024\" height=\"683\" data-id=\"443\" src=\"https:\/\/www.carmel.sk\/biblicketabory\/wp-content\/uploads\/2025\/12\/IMG_3898-1024x683.jpg\" alt=\"\" class=\"wp-image-443\" srcset=\"https:\/\/www.carmel.sk\/biblicketabory\/wp-content\/uploads\/2025\/12\/IMG_3898-1024x683.jpg 1024w, https:\/\/www.carmel.sk\/biblicketabory\/wp-content\/uploads\/2025\/12\/IMG_3898-300x200.jpg 300w, https:\/\/www.carmel.sk\/biblicketabory\/wp-content\/uploads\/2025\/12\/IMG_3898-768x512.jpg 768w, https:\/\/www.carmel.sk\/biblicketabory\/wp-content\/uploads\/2025\/12\/IMG_3898-1536x1024.jpg 1536w, https:\/\/www.carmel.sk\/biblicketabory\/wp-content\/uploads\/2025\/12\/IMG_3898-2048x1365.jpg 2048w\" sizes=\"auto, (max-width: 1024px) 100vw, 1024px\" \/><\/figure>\n\n\n\n<figure class=\"wp-block-image size-large\"><img loading=\"lazy\" decoding=\"async\" width=\"1024\" height=\"683\" data-id=\"439\" src=\"https:\/\/www.carmel.sk\/biblicketabory\/wp-content\/uploads\/2025\/12\/IMG_4050-1024x683.jpg\" alt=\"\" class=\"wp-image-439\" srcset=\"https:\/\/www.carmel.sk\/biblicketabory\/wp-content\/uploads\/2025\/12\/IMG_4050-1024x683.jpg 1024w, https:\/\/www.carmel.sk\/biblicketabory\/wp-content\/uploads\/2025\/12\/IMG_4050-300x200.jpg 300w, https:\/\/www.carmel.sk\/biblicketabory\/wp-content\/uploads\/2025\/12\/IMG_4050-768x512.jpg 768w, https:\/\/www.carmel.sk\/biblicketabory\/wp-content\/uploads\/2025\/12\/IMG_4050-1536x1024.jpg 1536w, https:\/\/www.carmel.sk\/biblicketabory\/wp-content\/uploads\/2025\/12\/IMG_4050-2048x1365.jpg 2048w\" sizes=\"auto, (max-width: 1024px) 100vw, 1024px\" \/><\/figure>\n\n\n\n<figure class=\"wp-block-image size-large\"><img loading=\"lazy\" decoding=\"async\" width=\"1024\" height=\"683\" data-id=\"440\" src=\"https:\/\/www.carmel.sk\/biblicketabory\/wp-content\/uploads\/2025\/12\/IMG_4067-1024x683.jpg\" alt=\"\" class=\"wp-image-440\" srcset=\"https:\/\/www.carmel.sk\/biblicketabory\/wp-content\/uploads\/2025\/12\/IMG_4067-1024x683.jpg 1024w, https:\/\/www.carmel.sk\/biblicketabory\/wp-content\/uploads\/2025\/12\/IMG_4067-300x200.jpg 300w, https:\/\/www.carmel.sk\/biblicketabory\/wp-content\/uploads\/2025\/12\/IMG_4067-768x512.jpg 768w, https:\/\/www.carmel.sk\/biblicketabory\/wp-content\/uploads\/2025\/12\/IMG_4067-1536x1024.jpg 1536w, https:\/\/www.carmel.sk\/biblicketabory\/wp-content\/uploads\/2025\/12\/IMG_4067-2048x1365.jpg 2048w\" sizes=\"auto, (max-width: 1024px) 100vw, 1024px\" \/><\/figure>\n<\/figure>\n","protected":false},"excerpt":{"rendered":"<p>Biblick\u00e9 t\u00e1bory na Borde s\u00fa u\u017e roky miestom, kde sa stret\u00e1va dobrodru\u017estvo s hodnotami, ktor\u00e9 pretrv\u00e1vaj\u00fa cel\u00fd \u017eivot. Sprev\u00e1dzala n\u00e1s t\u00e9ma Divo\u010dina, \u010do jedn\u00fdm slovom popisuje sp\u00f4sob \u017eivota J\u00e1na Krstite\u013ea. Na tejto biblickej postave sme sa sna\u017eili mlad\u00fdm \u00fa\u010dastn\u00edkom pribl\u00ed\u017ei\u0165 krst, Ducha Sv\u00e4t\u00e9ho alebo napr\u00edklad, ak\u00e9 k\u013e\u00fa\u010dov\u00e9 je h\u013eada\u0165 \u00falohu, do ktorej n\u00e1s P\u00e1n Boh [&hellip;]<\/p>\n","protected":false},"author":2,"featured_media":0,"comment_status":"open","ping_status":"open","sticky":false,"template":"","format":"standard","meta":{"_monsterinsights_skip_tracking":false,"_monsterinsights_sitenote_active":false,"_monsterinsights_sitenote_note":"","_monsterinsights_sitenote_category":0,"footnotes":""},"categories":[1],"tags":[],"class_list":["post-438","post","type-post","status-publish","format-standard","hentry","category-nezaradene"],"yoast_head":"<!-- This site is optimized with the Yoast SEO plugin v27.3 - https:\/\/yoast.com\/product\/yoast-seo-wordpress\/ -->\n<title>Letn\u00e9 biblick\u00e9 t\u00e1bory 2025 - Divo\u010dina - Biblick\u00e9 t\u00e1bory na Borde<\/title>\n<meta name=\"robots\" content=\"index, follow, max-snippet:-1, max-image-preview:large, max-video-preview:-1\" \/>\n<link rel=\"canonical\" href=\"https:\/\/www.carmel.sk\/biblicketabory\/index.php\/2025\/12\/01\/letne-biblicke-tabory-2025-divocina\/\" \/>\n<meta property=\"og:locale\" content=\"sk_SK\" \/>\n<meta property=\"og:type\" content=\"article\" \/>\n<meta property=\"og:title\" content=\"Letn\u00e9 biblick\u00e9 t\u00e1bory 2025 - Divo\u010dina - Biblick\u00e9 t\u00e1bory na Borde\" \/>\n<meta property=\"og:description\" content=\"Biblick\u00e9 t\u00e1bory na Borde s\u00fa u\u017e roky miestom, kde sa stret\u00e1va dobrodru\u017estvo s hodnotami, ktor\u00e9 pretrv\u00e1vaj\u00fa cel\u00fd \u017eivot. Sprev\u00e1dzala n\u00e1s t\u00e9ma Divo\u010dina, \u010do jedn\u00fdm slovom popisuje sp\u00f4sob \u017eivota J\u00e1na Krstite\u013ea. Na tejto biblickej postave sme sa sna\u017eili mlad\u00fdm \u00fa\u010dastn\u00edkom pribl\u00ed\u017ei\u0165 krst, Ducha Sv\u00e4t\u00e9ho alebo napr\u00edklad, ak\u00e9 k\u013e\u00fa\u010dov\u00e9 je h\u013eada\u0165 \u00falohu, do ktorej n\u00e1s P\u00e1n Boh [&hellip;]\" \/>\n<meta property=\"og:url\" content=\"https:\/\/www.carmel.sk\/biblicketabory\/index.php\/2025\/12\/01\/letne-biblicke-tabory-2025-divocina\/\" \/>\n<meta property=\"og:site_name\" content=\"Biblick\u00e9 t\u00e1bory na Borde\" \/>\n<meta property=\"article:published_time\" content=\"2025-12-01T14:17:37+00:00\" \/>\n<meta property=\"article:modified_time\" content=\"2025-12-01T14:17:38+00:00\" \/>\n<meta property=\"og:image\" content=\"https:\/\/www.carmel.sk\/biblicketabory\/wp-content\/uploads\/2025\/12\/IMG_3851-1024x683.jpg\" \/>\n<meta name=\"author\" content=\"Kika Marcinkov\u00e1\" \/>\n<meta name=\"twitter:card\" content=\"summary_large_image\" \/>\n<meta name=\"twitter:label1\" content=\"Autor\" \/>\n\t<meta name=\"twitter:data1\" content=\"Kika Marcinkov\u00e1\" \/>\n\t<meta name=\"twitter:label2\" content=\"Predpokladan\u00fd \u010das \u010d\u00edtania\" \/>\n\t<meta name=\"twitter:data2\" content=\"2 min\u00faty\" \/>\n<script type=\"application\/ld+json\" class=\"yoast-schema-graph\">{\"@context\":\"https:\\\/\\\/schema.org\",\"@graph\":[{\"@type\":\"Article\",\"@id\":\"https:\\\/\\\/www.carmel.sk\\\/biblicketabory\\\/index.php\\\/2025\\\/12\\\/01\\\/letne-biblicke-tabory-2025-divocina\\\/#article\",\"isPartOf\":{\"@id\":\"https:\\\/\\\/www.carmel.sk\\\/biblicketabory\\\/index.php\\\/2025\\\/12\\\/01\\\/letne-biblicke-tabory-2025-divocina\\\/\"},\"author\":{\"name\":\"Kika Marcinkov\u00e1\",\"@id\":\"https:\\\/\\\/www.carmel.sk\\\/biblicketabory\\\/#\\\/schema\\\/person\\\/63b87ad355fe679f6911f9e9d61c986b\"},\"headline\":\"Letn\u00e9 biblick\u00e9 t\u00e1bory 2025 &#8211; Divo\u010dina\",\"datePublished\":\"2025-12-01T14:17:37+00:00\",\"dateModified\":\"2025-12-01T14:17:38+00:00\",\"mainEntityOfPage\":{\"@id\":\"https:\\\/\\\/www.carmel.sk\\\/biblicketabory\\\/index.php\\\/2025\\\/12\\\/01\\\/letne-biblicke-tabory-2025-divocina\\\/\"},\"wordCount\":347,\"commentCount\":0,\"image\":{\"@id\":\"https:\\\/\\\/www.carmel.sk\\\/biblicketabory\\\/index.php\\\/2025\\\/12\\\/01\\\/letne-biblicke-tabory-2025-divocina\\\/#primaryimage\"},\"thumbnailUrl\":\"https:\\\/\\\/www.carmel.sk\\\/biblicketabory\\\/wp-content\\\/uploads\\\/2025\\\/12\\\/IMG_3851-1024x683.jpg\",\"inLanguage\":\"sk-SK\",\"potentialAction\":[{\"@type\":\"CommentAction\",\"name\":\"Comment\",\"target\":[\"https:\\\/\\\/www.carmel.sk\\\/biblicketabory\\\/index.php\\\/2025\\\/12\\\/01\\\/letne-biblicke-tabory-2025-divocina\\\/#respond\"]}]},{\"@type\":\"WebPage\",\"@id\":\"https:\\\/\\\/www.carmel.sk\\\/biblicketabory\\\/index.php\\\/2025\\\/12\\\/01\\\/letne-biblicke-tabory-2025-divocina\\\/\",\"url\":\"https:\\\/\\\/www.carmel.sk\\\/biblicketabory\\\/index.php\\\/2025\\\/12\\\/01\\\/letne-biblicke-tabory-2025-divocina\\\/\",\"name\":\"Letn\u00e9 biblick\u00e9 t\u00e1bory 2025 - Divo\u010dina - Biblick\u00e9 t\u00e1bory na Borde\",\"isPartOf\":{\"@id\":\"https:\\\/\\\/www.carmel.sk\\\/biblicketabory\\\/#website\"},\"primaryImageOfPage\":{\"@id\":\"https:\\\/\\\/www.carmel.sk\\\/biblicketabory\\\/index.php\\\/2025\\\/12\\\/01\\\/letne-biblicke-tabory-2025-divocina\\\/#primaryimage\"},\"image\":{\"@id\":\"https:\\\/\\\/www.carmel.sk\\\/biblicketabory\\\/index.php\\\/2025\\\/12\\\/01\\\/letne-biblicke-tabory-2025-divocina\\\/#primaryimage\"},\"thumbnailUrl\":\"https:\\\/\\\/www.carmel.sk\\\/biblicketabory\\\/wp-content\\\/uploads\\\/2025\\\/12\\\/IMG_3851-1024x683.jpg\",\"datePublished\":\"2025-12-01T14:17:37+00:00\",\"dateModified\":\"2025-12-01T14:17:38+00:00\",\"author\":{\"@id\":\"https:\\\/\\\/www.carmel.sk\\\/biblicketabory\\\/#\\\/schema\\\/person\\\/63b87ad355fe679f6911f9e9d61c986b\"},\"breadcrumb\":{\"@id\":\"https:\\\/\\\/www.carmel.sk\\\/biblicketabory\\\/index.php\\\/2025\\\/12\\\/01\\\/letne-biblicke-tabory-2025-divocina\\\/#breadcrumb\"},\"inLanguage\":\"sk-SK\",\"potentialAction\":[{\"@type\":\"ReadAction\",\"target\":[\"https:\\\/\\\/www.carmel.sk\\\/biblicketabory\\\/index.php\\\/2025\\\/12\\\/01\\\/letne-biblicke-tabory-2025-divocina\\\/\"]}]},{\"@type\":\"ImageObject\",\"inLanguage\":\"sk-SK\",\"@id\":\"https:\\\/\\\/www.carmel.sk\\\/biblicketabory\\\/index.php\\\/2025\\\/12\\\/01\\\/letne-biblicke-tabory-2025-divocina\\\/#primaryimage\",\"url\":\"https:\\\/\\\/www.carmel.sk\\\/biblicketabory\\\/wp-content\\\/uploads\\\/2025\\\/12\\\/IMG_3851-1024x683.jpg\",\"contentUrl\":\"https:\\\/\\\/www.carmel.sk\\\/biblicketabory\\\/wp-content\\\/uploads\\\/2025\\\/12\\\/IMG_3851-1024x683.jpg\"},{\"@type\":\"BreadcrumbList\",\"@id\":\"https:\\\/\\\/www.carmel.sk\\\/biblicketabory\\\/index.php\\\/2025\\\/12\\\/01\\\/letne-biblicke-tabory-2025-divocina\\\/#breadcrumb\",\"itemListElement\":[{\"@type\":\"ListItem\",\"position\":1,\"name\":\"Home\",\"item\":\"https:\\\/\\\/www.carmel.sk\\\/biblicketabory\\\/\"},{\"@type\":\"ListItem\",\"position\":2,\"name\":\"Letn\u00e9 biblick\u00e9 t\u00e1bory 2025 &#8211; Divo\u010dina\"}]},{\"@type\":\"WebSite\",\"@id\":\"https:\\\/\\\/www.carmel.sk\\\/biblicketabory\\\/#website\",\"url\":\"https:\\\/\\\/www.carmel.sk\\\/biblicketabory\\\/\",\"name\":\"Biblick\u00e9 t\u00e1bory na Borde\",\"description\":\"\",\"potentialAction\":[{\"@type\":\"SearchAction\",\"target\":{\"@type\":\"EntryPoint\",\"urlTemplate\":\"https:\\\/\\\/www.carmel.sk\\\/biblicketabory\\\/?s={search_term_string}\"},\"query-input\":{\"@type\":\"PropertyValueSpecification\",\"valueRequired\":true,\"valueName\":\"search_term_string\"}}],\"inLanguage\":\"sk-SK\"},{\"@type\":\"Person\",\"@id\":\"https:\\\/\\\/www.carmel.sk\\\/biblicketabory\\\/#\\\/schema\\\/person\\\/63b87ad355fe679f6911f9e9d61c986b\",\"name\":\"Kika Marcinkov\u00e1\",\"image\":{\"@type\":\"ImageObject\",\"inLanguage\":\"sk-SK\",\"@id\":\"https:\\\/\\\/secure.gravatar.com\\\/avatar\\\/f9770cb25588c0b720eeee6072ce62715c196f752e5bb34c2b57e07b343c0326?s=96&d=mm&r=g\",\"url\":\"https:\\\/\\\/secure.gravatar.com\\\/avatar\\\/f9770cb25588c0b720eeee6072ce62715c196f752e5bb34c2b57e07b343c0326?s=96&d=mm&r=g\",\"contentUrl\":\"https:\\\/\\\/secure.gravatar.com\\\/avatar\\\/f9770cb25588c0b720eeee6072ce62715c196f752e5bb34c2b57e07b343c0326?s=96&d=mm&r=g\",\"caption\":\"Kika Marcinkov\u00e1\"},\"url\":\"https:\\\/\\\/www.carmel.sk\\\/biblicketabory\\\/index.php\\\/author\\\/kika\\\/\"}]}<\/script>\n<!-- \/ Yoast SEO plugin. -->","yoast_head_json":{"title":"Letn\u00e9 biblick\u00e9 t\u00e1bory 2025 - Divo\u010dina - Biblick\u00e9 t\u00e1bory na Borde","robots":{"index":"index","follow":"follow","max-snippet":"max-snippet:-1","max-image-preview":"max-image-preview:large","max-video-preview":"max-video-preview:-1"},"canonical":"https:\/\/www.carmel.sk\/biblicketabory\/index.php\/2025\/12\/01\/letne-biblicke-tabory-2025-divocina\/","og_locale":"sk_SK","og_type":"article","og_title":"Letn\u00e9 biblick\u00e9 t\u00e1bory 2025 - Divo\u010dina - Biblick\u00e9 t\u00e1bory na Borde","og_description":"Biblick\u00e9 t\u00e1bory na Borde s\u00fa u\u017e roky miestom, kde sa stret\u00e1va dobrodru\u017estvo s hodnotami, ktor\u00e9 pretrv\u00e1vaj\u00fa cel\u00fd \u017eivot. Sprev\u00e1dzala n\u00e1s t\u00e9ma Divo\u010dina, \u010do jedn\u00fdm slovom popisuje sp\u00f4sob \u017eivota J\u00e1na Krstite\u013ea. Na tejto biblickej postave sme sa sna\u017eili mlad\u00fdm \u00fa\u010dastn\u00edkom pribl\u00ed\u017ei\u0165 krst, Ducha Sv\u00e4t\u00e9ho alebo napr\u00edklad, ak\u00e9 k\u013e\u00fa\u010dov\u00e9 je h\u013eada\u0165 \u00falohu, do ktorej n\u00e1s P\u00e1n Boh [&hellip;]","og_url":"https:\/\/www.carmel.sk\/biblicketabory\/index.php\/2025\/12\/01\/letne-biblicke-tabory-2025-divocina\/","og_site_name":"Biblick\u00e9 t\u00e1bory na Borde","article_published_time":"2025-12-01T14:17:37+00:00","article_modified_time":"2025-12-01T14:17:38+00:00","og_image":[{"url":"https:\/\/www.carmel.sk\/biblicketabory\/wp-content\/uploads\/2025\/12\/IMG_3851-1024x683.jpg","type":"","width":"","height":""}],"author":"Kika Marcinkov\u00e1","twitter_card":"summary_large_image","twitter_misc":{"Autor":"Kika Marcinkov\u00e1","Predpokladan\u00fd \u010das \u010d\u00edtania":"2 min\u00faty"},"schema":{"@context":"https:\/\/schema.org","@graph":[{"@type":"Article","@id":"https:\/\/www.carmel.sk\/biblicketabory\/index.php\/2025\/12\/01\/letne-biblicke-tabory-2025-divocina\/#article","isPartOf":{"@id":"https:\/\/www.carmel.sk\/biblicketabory\/index.php\/2025\/12\/01\/letne-biblicke-tabory-2025-divocina\/"},"author":{"name":"Kika Marcinkov\u00e1","@id":"https:\/\/www.carmel.sk\/biblicketabory\/#\/schema\/person\/63b87ad355fe679f6911f9e9d61c986b"},"headline":"Letn\u00e9 biblick\u00e9 t\u00e1bory 2025 &#8211; Divo\u010dina","datePublished":"2025-12-01T14:17:37+00:00","dateModified":"2025-12-01T14:17:38+00:00","mainEntityOfPage":{"@id":"https:\/\/www.carmel.sk\/biblicketabory\/index.php\/2025\/12\/01\/letne-biblicke-tabory-2025-divocina\/"},"wordCount":347,"commentCount":0,"image":{"@id":"https:\/\/www.carmel.sk\/biblicketabory\/index.php\/2025\/12\/01\/letne-biblicke-tabory-2025-divocina\/#primaryimage"},"thumbnailUrl":"https:\/\/www.carmel.sk\/biblicketabory\/wp-content\/uploads\/2025\/12\/IMG_3851-1024x683.jpg","inLanguage":"sk-SK","potentialAction":[{"@type":"CommentAction","name":"Comment","target":["https:\/\/www.carmel.sk\/biblicketabory\/index.php\/2025\/12\/01\/letne-biblicke-tabory-2025-divocina\/#respond"]}]},{"@type":"WebPage","@id":"https:\/\/www.carmel.sk\/biblicketabory\/index.php\/2025\/12\/01\/letne-biblicke-tabory-2025-divocina\/","url":"https:\/\/www.carmel.sk\/biblicketabory\/index.php\/2025\/12\/01\/letne-biblicke-tabory-2025-divocina\/","name":"Letn\u00e9 biblick\u00e9 t\u00e1bory 2025 - Divo\u010dina - Biblick\u00e9 t\u00e1bory na Borde","isPartOf":{"@id":"https:\/\/www.carmel.sk\/biblicketabory\/#website"},"primaryImageOfPage":{"@id":"https:\/\/www.carmel.sk\/biblicketabory\/index.php\/2025\/12\/01\/letne-biblicke-tabory-2025-divocina\/#primaryimage"},"image":{"@id":"https:\/\/www.carmel.sk\/biblicketabory\/index.php\/2025\/12\/01\/letne-biblicke-tabory-2025-divocina\/#primaryimage"},"thumbnailUrl":"https:\/\/www.carmel.sk\/biblicketabory\/wp-content\/uploads\/2025\/12\/IMG_3851-1024x683.jpg","datePublished":"2025-12-01T14:17:37+00:00","dateModified":"2025-12-01T14:17:38+00:00","author":{"@id":"https:\/\/www.carmel.sk\/biblicketabory\/#\/schema\/person\/63b87ad355fe679f6911f9e9d61c986b"},"breadcrumb":{"@id":"https:\/\/www.carmel.sk\/biblicketabory\/index.php\/2025\/12\/01\/letne-biblicke-tabory-2025-divocina\/#breadcrumb"},"inLanguage":"sk-SK","potentialAction":[{"@type":"ReadAction","target":["https:\/\/www.carmel.sk\/biblicketabory\/index.php\/2025\/12\/01\/letne-biblicke-tabory-2025-divocina\/"]}]},{"@type":"ImageObject","inLanguage":"sk-SK","@id":"https:\/\/www.carmel.sk\/biblicketabory\/index.php\/2025\/12\/01\/letne-biblicke-tabory-2025-divocina\/#primaryimage","url":"https:\/\/www.carmel.sk\/biblicketabory\/wp-content\/uploads\/2025\/12\/IMG_3851-1024x683.jpg","contentUrl":"https:\/\/www.carmel.sk\/biblicketabory\/wp-content\/uploads\/2025\/12\/IMG_3851-1024x683.jpg"},{"@type":"BreadcrumbList","@id":"https:\/\/www.carmel.sk\/biblicketabory\/index.php\/2025\/12\/01\/letne-biblicke-tabory-2025-divocina\/#breadcrumb","itemListElement":[{"@type":"ListItem","position":1,"name":"Home","item":"https:\/\/www.carmel.sk\/biblicketabory\/"},{"@type":"ListItem","position":2,"name":"Letn\u00e9 biblick\u00e9 t\u00e1bory 2025 &#8211; Divo\u010dina"}]},{"@type":"WebSite","@id":"https:\/\/www.carmel.sk\/biblicketabory\/#website","url":"https:\/\/www.carmel.sk\/biblicketabory\/","name":"Biblick\u00e9 t\u00e1bory na Borde","description":"","potentialAction":[{"@type":"SearchAction","target":{"@type":"EntryPoint","urlTemplate":"https:\/\/www.carmel.sk\/biblicketabory\/?s={search_term_string}"},"query-input":{"@type":"PropertyValueSpecification","valueRequired":true,"valueName":"search_term_string"}}],"inLanguage":"sk-SK"},{"@type":"Person","@id":"https:\/\/www.carmel.sk\/biblicketabory\/#\/schema\/person\/63b87ad355fe679f6911f9e9d61c986b","name":"Kika Marcinkov\u00e1","image":{"@type":"ImageObject","inLanguage":"sk-SK","@id":"https:\/\/secure.gravatar.com\/avatar\/f9770cb25588c0b720eeee6072ce62715c196f752e5bb34c2b57e07b343c0326?s=96&d=mm&r=g","url":"https:\/\/secure.gravatar.com\/avatar\/f9770cb25588c0b720eeee6072ce62715c196f752e5bb34c2b57e07b343c0326?s=96&d=mm&r=g","contentUrl":"https:\/\/secure.gravatar.com\/avatar\/f9770cb25588c0b720eeee6072ce62715c196f752e5bb34c2b57e07b343c0326?s=96&d=mm&r=g","caption":"Kika Marcinkov\u00e1"},"url":"https:\/\/www.carmel.sk\/biblicketabory\/index.php\/author\/kika\/"}]}},"_links":{"self":[{"href":"https:\/\/www.carmel.sk\/biblicketabory\/index.php\/wp-json\/wp\/v2\/posts\/438","targetHints":{"allow":["GET"]}}],"collection":[{"href":"https:\/\/www.carmel.sk\/biblicketabory\/index.php\/wp-json\/wp\/v2\/posts"}],"about":[{"href":"https:\/\/www.carmel.sk\/biblicketabory\/index.php\/wp-json\/wp\/v2\/types\/post"}],"author":[{"embeddable":true,"href":"https:\/\/www.carmel.sk\/biblicketabory\/index.php\/wp-json\/wp\/v2\/users\/2"}],"replies":[{"embeddable":true,"href":"https:\/\/www.carmel.sk\/biblicketabory\/index.php\/wp-json\/wp\/v2\/comments?post=438"}],"version-history":[{"count":1,"href":"https:\/\/www.carmel.sk\/biblicketabory\/index.php\/wp-json\/wp\/v2\/posts\/438\/revisions"}],"predecessor-version":[{"id":445,"href":"https:\/\/www.carmel.sk\/biblicketabory\/index.php\/wp-json\/wp\/v2\/posts\/438\/revisions\/445"}],"wp:attachment":[{"href":"https:\/\/www.carmel.sk\/biblicketabory\/index.php\/wp-json\/wp\/v2\/media?parent=438"}],"wp:term":[{"taxonomy":"category","embeddable":true,"href":"https:\/\/www.carmel.sk\/biblicketabory\/index.php\/wp-json\/wp\/v2\/categories?post=438"},{"taxonomy":"post_tag","embeddable":true,"href":"https:\/\/www.carmel.sk\/biblicketabory\/index.php\/wp-json\/wp\/v2\/tags?post=438"}],"curies":[{"name":"wp","href":"https:\/\/api.w.org\/{rel}","templated":true}]}}