{"id":375,"date":"2025-03-05T11:33:15","date_gmt":"2025-03-05T10:33:15","guid":{"rendered":"https:\/\/www.carmel.sk\/biblicketabory\/?p=375"},"modified":"2025-03-05T11:33:16","modified_gmt":"2025-03-05T10:33:16","slug":"2-taborovy-tim-pre-tabory-2025","status":"publish","type":"post","link":"https:\/\/www.carmel.sk\/biblicketabory\/index.php\/2025\/03\/05\/2-taborovy-tim-pre-tabory-2025\/","title":{"rendered":"2. t\u00e1borov\u00fd t\u00edm pre t\u00e1bory 2025"},"content":{"rendered":"\n<p><strong>Pr\u00edpravy na t\u00e1bor s\u00fa v&nbsp;plnom pr\u00fade!<\/strong><\/p>\n\n\n\n<p>Je prv\u00fd de\u0148 marca a&nbsp;my nezah\u00e1\u013eame! Po nieko\u013ek\u00fdch mesiacoch sme sa op\u00e4\u0165 stretli ako t\u00e1borov\u00fd t\u00edm a&nbsp;pokro\u010dili v&nbsp;pr\u00edprav\u00e1ch. \u010cas sa n\u00e1m kr\u00e1ti, leto u\u017e je doslova za rohom.<\/p>\n\n\n\n<p>U\u017e od r\u00e1na panovala skvel\u00e1 atmosf\u00e9ra \u2013 pln\u00e1 nad\u0161enia, n\u00e1padov a&nbsp;t\u00edmovej spolupr\u00e1ce. Pod veden\u00edm Mateja Nagyho a&nbsp;Marianny Sl\u00e1vikovej sme sa spolo\u010dne zam\u00fd\u0161\u013eali a \u0161tudovali biblick\u00e9 pr\u00edbehy, ktor\u00e9 zaznej\u00fa na t\u00e1boroch. Venovali sme sa aj r\u00f4znym modelov\u00fdm situ\u00e1ci\u00e1m, ktor\u00e9 n\u00e1s u\u010dia, ako rie\u0161i\u0165 r\u00f4zne situ\u00e1cie a&nbsp;ne\u010dakan\u00e9 momenty a&nbsp;pos\u00favaj\u00fa n\u00e1s vpred. N\u00e1\u0161 t\u00edm sa navy\u0161e rozr\u00e1stol o&nbsp;nov\u00e9 mlad\u00e9 posily, \u010do n\u00e1s nesmierne te\u0161\u00ed. Zatia\u013e sme s\u00edce t\u00e9mu t\u00e1borov 2025 e\u0161te celkom neprezradili, no posunieme to op\u00e4\u0165 o&nbsp;level vy\u0161\u0161ie!<\/p>\n\n\n\n<p>Okrem pl\u00e1novania sme spolo\u010dn\u00fd \u010das str\u00e1vili aj obedom a&nbsp;neform\u00e1lnymi rozhovormi pri k\u00e1ve v&nbsp;\u00fatulnej kaviarni Carmel caf\u00e9. Tento \u010das sme vyu\u017eili ako pr\u00edle\u017eitos\u0165 na zdie\u013eanie sa a budovanie vz\u0165ahov. M\u00e1me t\u00fa\u017ebu r\u00e1s\u0165 nielen ako t\u00edm, ale aj ako spolo\u010denstvo.<\/p>\n\n\n\n<p>Hoci n\u00e1s \u010dak\u00e1 e\u0161te ve\u013ea pr\u00e1ce, u\u017e teraz sa te\u0161\u00edme na leto a&nbsp;na v\u0161etk\u00fdch V\u00e1s, ktor\u00ed budete pri tom. Tak povedz o&nbsp;na\u0161ich t\u00e1boroch na Borde aj svojim kamo\u0161om a&nbsp;chystajte si di\u00e1re. Ver\u00edme, \u017ee to bude nezabudnute\u013en\u00fd z\u00e1\u017eitok pre v\u0161etk\u00fdch \u00fa\u010dastn\u00edkov aj ved\u00facich!<\/p>\n\n\n\n<p>T\u00edmea D\u00e9k\u00e1nyov\u00e1<\/p>\n\n\n\n<p class=\"has-medium-font-size\"><\/p>\n\n\n\n<figure class=\"wp-block-gallery has-nested-images columns-default is-cropped wp-block-gallery-1 is-layout-flex wp-block-gallery-is-layout-flex\">\n<figure class=\"wp-block-image size-large\"><img loading=\"lazy\" decoding=\"async\" width=\"1024\" height=\"768\" data-id=\"395\" src=\"https:\/\/www.carmel.sk\/biblicketabory\/wp-content\/uploads\/2025\/03\/IMG_2057-3-1024x768.jpg\" alt=\"\" class=\"wp-image-395\" srcset=\"https:\/\/www.carmel.sk\/biblicketabory\/wp-content\/uploads\/2025\/03\/IMG_2057-3-1024x768.jpg 1024w, https:\/\/www.carmel.sk\/biblicketabory\/wp-content\/uploads\/2025\/03\/IMG_2057-3-300x225.jpg 300w, https:\/\/www.carmel.sk\/biblicketabory\/wp-content\/uploads\/2025\/03\/IMG_2057-3-768x576.jpg 768w, https:\/\/www.carmel.sk\/biblicketabory\/wp-content\/uploads\/2025\/03\/IMG_2057-3-1536x1152.jpg 1536w, https:\/\/www.carmel.sk\/biblicketabory\/wp-content\/uploads\/2025\/03\/IMG_2057-3-2048x1536.jpg 2048w\" sizes=\"auto, (max-width: 1024px) 100vw, 1024px\" \/><\/figure>\n\n\n\n<figure class=\"wp-block-image size-large\"><img loading=\"lazy\" decoding=\"async\" width=\"768\" height=\"1024\" data-id=\"397\" src=\"https:\/\/www.carmel.sk\/biblicketabory\/wp-content\/uploads\/2025\/03\/IMG_2070-3-768x1024.jpg\" alt=\"\" class=\"wp-image-397\" srcset=\"https:\/\/www.carmel.sk\/biblicketabory\/wp-content\/uploads\/2025\/03\/IMG_2070-3-768x1024.jpg 768w, https:\/\/www.carmel.sk\/biblicketabory\/wp-content\/uploads\/2025\/03\/IMG_2070-3-225x300.jpg 225w, https:\/\/www.carmel.sk\/biblicketabory\/wp-content\/uploads\/2025\/03\/IMG_2070-3-1152x1536.jpg 1152w, https:\/\/www.carmel.sk\/biblicketabory\/wp-content\/uploads\/2025\/03\/IMG_2070-3-1536x2048.jpg 1536w, https:\/\/www.carmel.sk\/biblicketabory\/wp-content\/uploads\/2025\/03\/IMG_2070-3-scaled.jpg 1920w\" sizes=\"auto, (max-width: 768px) 100vw, 768px\" \/><\/figure>\n\n\n\n<figure class=\"wp-block-image size-large\"><img loading=\"lazy\" decoding=\"async\" width=\"768\" height=\"1024\" data-id=\"396\" src=\"https:\/\/www.carmel.sk\/biblicketabory\/wp-content\/uploads\/2025\/03\/IMG_2064-2-768x1024.jpg\" alt=\"\" class=\"wp-image-396\" srcset=\"https:\/\/www.carmel.sk\/biblicketabory\/wp-content\/uploads\/2025\/03\/IMG_2064-2-768x1024.jpg 768w, https:\/\/www.carmel.sk\/biblicketabory\/wp-content\/uploads\/2025\/03\/IMG_2064-2-225x300.jpg 225w, https:\/\/www.carmel.sk\/biblicketabory\/wp-content\/uploads\/2025\/03\/IMG_2064-2-1152x1536.jpg 1152w, https:\/\/www.carmel.sk\/biblicketabory\/wp-content\/uploads\/2025\/03\/IMG_2064-2-1536x2048.jpg 1536w, https:\/\/www.carmel.sk\/biblicketabory\/wp-content\/uploads\/2025\/03\/IMG_2064-2-scaled.jpg 1920w\" sizes=\"auto, (max-width: 768px) 100vw, 768px\" \/><\/figure>\n<\/figure>\n","protected":false},"excerpt":{"rendered":"<p>Pr\u00edpravy na t\u00e1bor s\u00fa v&nbsp;plnom pr\u00fade! Je prv\u00fd de\u0148 marca a&nbsp;my nezah\u00e1\u013eame! Po nieko\u013ek\u00fdch mesiacoch sme sa op\u00e4\u0165 stretli ako t\u00e1borov\u00fd t\u00edm a&nbsp;pokro\u010dili v&nbsp;pr\u00edprav\u00e1ch. \u010cas sa n\u00e1m kr\u00e1ti, leto u\u017e je doslova za rohom. U\u017e od r\u00e1na panovala skvel\u00e1 atmosf\u00e9ra \u2013 pln\u00e1 nad\u0161enia, n\u00e1padov a&nbsp;t\u00edmovej spolupr\u00e1ce. Pod veden\u00edm Mateja Nagyho a&nbsp;Marianny Sl\u00e1vikovej sme sa spolo\u010dne [&hellip;]<\/p>\n","protected":false},"author":2,"featured_media":213,"comment_status":"open","ping_status":"open","sticky":false,"template":"","format":"standard","meta":{"_monsterinsights_skip_tracking":false,"_monsterinsights_sitenote_active":false,"_monsterinsights_sitenote_note":"","_monsterinsights_sitenote_category":0,"footnotes":""},"categories":[1],"tags":[],"class_list":["post-375","post","type-post","status-publish","format-standard","has-post-thumbnail","hentry","category-nezaradene"],"yoast_head":"<!-- This site is optimized with the Yoast SEO plugin v27.3 - https:\/\/yoast.com\/product\/yoast-seo-wordpress\/ -->\n<title>2. t\u00e1borov\u00fd t\u00edm pre t\u00e1bory 2025 - Biblick\u00e9 t\u00e1bory na Borde<\/title>\n<meta name=\"robots\" content=\"index, follow, max-snippet:-1, max-image-preview:large, max-video-preview:-1\" \/>\n<link rel=\"canonical\" href=\"https:\/\/www.carmel.sk\/biblicketabory\/index.php\/2025\/03\/05\/2-taborovy-tim-pre-tabory-2025\/\" \/>\n<meta property=\"og:locale\" content=\"sk_SK\" \/>\n<meta property=\"og:type\" content=\"article\" \/>\n<meta property=\"og:title\" content=\"2. t\u00e1borov\u00fd t\u00edm pre t\u00e1bory 2025 - Biblick\u00e9 t\u00e1bory na Borde\" \/>\n<meta property=\"og:description\" content=\"Pr\u00edpravy na t\u00e1bor s\u00fa v&nbsp;plnom pr\u00fade! Je prv\u00fd de\u0148 marca a&nbsp;my nezah\u00e1\u013eame! Po nieko\u013ek\u00fdch mesiacoch sme sa op\u00e4\u0165 stretli ako t\u00e1borov\u00fd t\u00edm a&nbsp;pokro\u010dili v&nbsp;pr\u00edprav\u00e1ch. \u010cas sa n\u00e1m kr\u00e1ti, leto u\u017e je doslova za rohom. U\u017e od r\u00e1na panovala skvel\u00e1 atmosf\u00e9ra \u2013 pln\u00e1 nad\u0161enia, n\u00e1padov a&nbsp;t\u00edmovej spolupr\u00e1ce. Pod veden\u00edm Mateja Nagyho a&nbsp;Marianny Sl\u00e1vikovej sme sa spolo\u010dne [&hellip;]\" \/>\n<meta property=\"og:url\" content=\"https:\/\/www.carmel.sk\/biblicketabory\/index.php\/2025\/03\/05\/2-taborovy-tim-pre-tabory-2025\/\" \/>\n<meta property=\"og:site_name\" content=\"Biblick\u00e9 t\u00e1bory na Borde\" \/>\n<meta property=\"article:published_time\" content=\"2025-03-05T10:33:15+00:00\" \/>\n<meta property=\"article:modified_time\" content=\"2025-03-05T10:33:16+00:00\" \/>\n<meta property=\"og:image\" content=\"https:\/\/www.carmel.sk\/biblicketabory\/wp-content\/uploads\/2023\/03\/Tabor-1-1.jpg\" \/>\n\t<meta property=\"og:image:width\" content=\"822\" \/>\n\t<meta property=\"og:image:height\" content=\"1096\" \/>\n\t<meta property=\"og:image:type\" content=\"image\/jpeg\" \/>\n<meta name=\"author\" content=\"Kika Marcinkov\u00e1\" \/>\n<meta name=\"twitter:card\" content=\"summary_large_image\" \/>\n<meta name=\"twitter:label1\" content=\"Autor\" \/>\n\t<meta name=\"twitter:data1\" content=\"Kika Marcinkov\u00e1\" \/>\n\t<meta name=\"twitter:label2\" content=\"Predpokladan\u00fd \u010das \u010d\u00edtania\" \/>\n\t<meta name=\"twitter:data2\" content=\"2 min\u00faty\" \/>\n<script type=\"application\/ld+json\" class=\"yoast-schema-graph\">{\"@context\":\"https:\\\/\\\/schema.org\",\"@graph\":[{\"@type\":\"Article\",\"@id\":\"https:\\\/\\\/www.carmel.sk\\\/biblicketabory\\\/index.php\\\/2025\\\/03\\\/05\\\/2-taborovy-tim-pre-tabory-2025\\\/#article\",\"isPartOf\":{\"@id\":\"https:\\\/\\\/www.carmel.sk\\\/biblicketabory\\\/index.php\\\/2025\\\/03\\\/05\\\/2-taborovy-tim-pre-tabory-2025\\\/\"},\"author\":{\"name\":\"Kika Marcinkov\u00e1\",\"@id\":\"https:\\\/\\\/www.carmel.sk\\\/biblicketabory\\\/#\\\/schema\\\/person\\\/63b87ad355fe679f6911f9e9d61c986b\"},\"headline\":\"2. t\u00e1borov\u00fd t\u00edm pre t\u00e1bory 2025\",\"datePublished\":\"2025-03-05T10:33:15+00:00\",\"dateModified\":\"2025-03-05T10:33:16+00:00\",\"mainEntityOfPage\":{\"@id\":\"https:\\\/\\\/www.carmel.sk\\\/biblicketabory\\\/index.php\\\/2025\\\/03\\\/05\\\/2-taborovy-tim-pre-tabory-2025\\\/\"},\"wordCount\":310,\"commentCount\":0,\"image\":{\"@id\":\"https:\\\/\\\/www.carmel.sk\\\/biblicketabory\\\/index.php\\\/2025\\\/03\\\/05\\\/2-taborovy-tim-pre-tabory-2025\\\/#primaryimage\"},\"thumbnailUrl\":\"https:\\\/\\\/www.carmel.sk\\\/biblicketabory\\\/wp-content\\\/uploads\\\/2023\\\/03\\\/Tabor-1-1.jpg\",\"inLanguage\":\"sk-SK\",\"potentialAction\":[{\"@type\":\"CommentAction\",\"name\":\"Comment\",\"target\":[\"https:\\\/\\\/www.carmel.sk\\\/biblicketabory\\\/index.php\\\/2025\\\/03\\\/05\\\/2-taborovy-tim-pre-tabory-2025\\\/#respond\"]}]},{\"@type\":\"WebPage\",\"@id\":\"https:\\\/\\\/www.carmel.sk\\\/biblicketabory\\\/index.php\\\/2025\\\/03\\\/05\\\/2-taborovy-tim-pre-tabory-2025\\\/\",\"url\":\"https:\\\/\\\/www.carmel.sk\\\/biblicketabory\\\/index.php\\\/2025\\\/03\\\/05\\\/2-taborovy-tim-pre-tabory-2025\\\/\",\"name\":\"2. t\u00e1borov\u00fd t\u00edm pre t\u00e1bory 2025 - Biblick\u00e9 t\u00e1bory na Borde\",\"isPartOf\":{\"@id\":\"https:\\\/\\\/www.carmel.sk\\\/biblicketabory\\\/#website\"},\"primaryImageOfPage\":{\"@id\":\"https:\\\/\\\/www.carmel.sk\\\/biblicketabory\\\/index.php\\\/2025\\\/03\\\/05\\\/2-taborovy-tim-pre-tabory-2025\\\/#primaryimage\"},\"image\":{\"@id\":\"https:\\\/\\\/www.carmel.sk\\\/biblicketabory\\\/index.php\\\/2025\\\/03\\\/05\\\/2-taborovy-tim-pre-tabory-2025\\\/#primaryimage\"},\"thumbnailUrl\":\"https:\\\/\\\/www.carmel.sk\\\/biblicketabory\\\/wp-content\\\/uploads\\\/2023\\\/03\\\/Tabor-1-1.jpg\",\"datePublished\":\"2025-03-05T10:33:15+00:00\",\"dateModified\":\"2025-03-05T10:33:16+00:00\",\"author\":{\"@id\":\"https:\\\/\\\/www.carmel.sk\\\/biblicketabory\\\/#\\\/schema\\\/person\\\/63b87ad355fe679f6911f9e9d61c986b\"},\"breadcrumb\":{\"@id\":\"https:\\\/\\\/www.carmel.sk\\\/biblicketabory\\\/index.php\\\/2025\\\/03\\\/05\\\/2-taborovy-tim-pre-tabory-2025\\\/#breadcrumb\"},\"inLanguage\":\"sk-SK\",\"potentialAction\":[{\"@type\":\"ReadAction\",\"target\":[\"https:\\\/\\\/www.carmel.sk\\\/biblicketabory\\\/index.php\\\/2025\\\/03\\\/05\\\/2-taborovy-tim-pre-tabory-2025\\\/\"]}]},{\"@type\":\"ImageObject\",\"inLanguage\":\"sk-SK\",\"@id\":\"https:\\\/\\\/www.carmel.sk\\\/biblicketabory\\\/index.php\\\/2025\\\/03\\\/05\\\/2-taborovy-tim-pre-tabory-2025\\\/#primaryimage\",\"url\":\"https:\\\/\\\/www.carmel.sk\\\/biblicketabory\\\/wp-content\\\/uploads\\\/2023\\\/03\\\/Tabor-1-1.jpg\",\"contentUrl\":\"https:\\\/\\\/www.carmel.sk\\\/biblicketabory\\\/wp-content\\\/uploads\\\/2023\\\/03\\\/Tabor-1-1.jpg\",\"width\":822,\"height\":1096},{\"@type\":\"BreadcrumbList\",\"@id\":\"https:\\\/\\\/www.carmel.sk\\\/biblicketabory\\\/index.php\\\/2025\\\/03\\\/05\\\/2-taborovy-tim-pre-tabory-2025\\\/#breadcrumb\",\"itemListElement\":[{\"@type\":\"ListItem\",\"position\":1,\"name\":\"Home\",\"item\":\"https:\\\/\\\/www.carmel.sk\\\/biblicketabory\\\/\"},{\"@type\":\"ListItem\",\"position\":2,\"name\":\"2. t\u00e1borov\u00fd t\u00edm pre t\u00e1bory 2025\"}]},{\"@type\":\"WebSite\",\"@id\":\"https:\\\/\\\/www.carmel.sk\\\/biblicketabory\\\/#website\",\"url\":\"https:\\\/\\\/www.carmel.sk\\\/biblicketabory\\\/\",\"name\":\"Biblick\u00e9 t\u00e1bory na Borde\",\"description\":\"\",\"potentialAction\":[{\"@type\":\"SearchAction\",\"target\":{\"@type\":\"EntryPoint\",\"urlTemplate\":\"https:\\\/\\\/www.carmel.sk\\\/biblicketabory\\\/?s={search_term_string}\"},\"query-input\":{\"@type\":\"PropertyValueSpecification\",\"valueRequired\":true,\"valueName\":\"search_term_string\"}}],\"inLanguage\":\"sk-SK\"},{\"@type\":\"Person\",\"@id\":\"https:\\\/\\\/www.carmel.sk\\\/biblicketabory\\\/#\\\/schema\\\/person\\\/63b87ad355fe679f6911f9e9d61c986b\",\"name\":\"Kika Marcinkov\u00e1\",\"image\":{\"@type\":\"ImageObject\",\"inLanguage\":\"sk-SK\",\"@id\":\"https:\\\/\\\/secure.gravatar.com\\\/avatar\\\/f9770cb25588c0b720eeee6072ce62715c196f752e5bb34c2b57e07b343c0326?s=96&d=mm&r=g\",\"url\":\"https:\\\/\\\/secure.gravatar.com\\\/avatar\\\/f9770cb25588c0b720eeee6072ce62715c196f752e5bb34c2b57e07b343c0326?s=96&d=mm&r=g\",\"contentUrl\":\"https:\\\/\\\/secure.gravatar.com\\\/avatar\\\/f9770cb25588c0b720eeee6072ce62715c196f752e5bb34c2b57e07b343c0326?s=96&d=mm&r=g\",\"caption\":\"Kika Marcinkov\u00e1\"},\"url\":\"https:\\\/\\\/www.carmel.sk\\\/biblicketabory\\\/index.php\\\/author\\\/kika\\\/\"}]}<\/script>\n<!-- \/ Yoast SEO plugin. -->","yoast_head_json":{"title":"2. t\u00e1borov\u00fd t\u00edm pre t\u00e1bory 2025 - Biblick\u00e9 t\u00e1bory na Borde","robots":{"index":"index","follow":"follow","max-snippet":"max-snippet:-1","max-image-preview":"max-image-preview:large","max-video-preview":"max-video-preview:-1"},"canonical":"https:\/\/www.carmel.sk\/biblicketabory\/index.php\/2025\/03\/05\/2-taborovy-tim-pre-tabory-2025\/","og_locale":"sk_SK","og_type":"article","og_title":"2. t\u00e1borov\u00fd t\u00edm pre t\u00e1bory 2025 - Biblick\u00e9 t\u00e1bory na Borde","og_description":"Pr\u00edpravy na t\u00e1bor s\u00fa v&nbsp;plnom pr\u00fade! Je prv\u00fd de\u0148 marca a&nbsp;my nezah\u00e1\u013eame! Po nieko\u013ek\u00fdch mesiacoch sme sa op\u00e4\u0165 stretli ako t\u00e1borov\u00fd t\u00edm a&nbsp;pokro\u010dili v&nbsp;pr\u00edprav\u00e1ch. \u010cas sa n\u00e1m kr\u00e1ti, leto u\u017e je doslova za rohom. U\u017e od r\u00e1na panovala skvel\u00e1 atmosf\u00e9ra \u2013 pln\u00e1 nad\u0161enia, n\u00e1padov a&nbsp;t\u00edmovej spolupr\u00e1ce. Pod veden\u00edm Mateja Nagyho a&nbsp;Marianny Sl\u00e1vikovej sme sa spolo\u010dne [&hellip;]","og_url":"https:\/\/www.carmel.sk\/biblicketabory\/index.php\/2025\/03\/05\/2-taborovy-tim-pre-tabory-2025\/","og_site_name":"Biblick\u00e9 t\u00e1bory na Borde","article_published_time":"2025-03-05T10:33:15+00:00","article_modified_time":"2025-03-05T10:33:16+00:00","og_image":[{"width":822,"height":1096,"url":"https:\/\/www.carmel.sk\/biblicketabory\/wp-content\/uploads\/2023\/03\/Tabor-1-1.jpg","type":"image\/jpeg"}],"author":"Kika Marcinkov\u00e1","twitter_card":"summary_large_image","twitter_misc":{"Autor":"Kika Marcinkov\u00e1","Predpokladan\u00fd \u010das \u010d\u00edtania":"2 min\u00faty"},"schema":{"@context":"https:\/\/schema.org","@graph":[{"@type":"Article","@id":"https:\/\/www.carmel.sk\/biblicketabory\/index.php\/2025\/03\/05\/2-taborovy-tim-pre-tabory-2025\/#article","isPartOf":{"@id":"https:\/\/www.carmel.sk\/biblicketabory\/index.php\/2025\/03\/05\/2-taborovy-tim-pre-tabory-2025\/"},"author":{"name":"Kika Marcinkov\u00e1","@id":"https:\/\/www.carmel.sk\/biblicketabory\/#\/schema\/person\/63b87ad355fe679f6911f9e9d61c986b"},"headline":"2. t\u00e1borov\u00fd t\u00edm pre t\u00e1bory 2025","datePublished":"2025-03-05T10:33:15+00:00","dateModified":"2025-03-05T10:33:16+00:00","mainEntityOfPage":{"@id":"https:\/\/www.carmel.sk\/biblicketabory\/index.php\/2025\/03\/05\/2-taborovy-tim-pre-tabory-2025\/"},"wordCount":310,"commentCount":0,"image":{"@id":"https:\/\/www.carmel.sk\/biblicketabory\/index.php\/2025\/03\/05\/2-taborovy-tim-pre-tabory-2025\/#primaryimage"},"thumbnailUrl":"https:\/\/www.carmel.sk\/biblicketabory\/wp-content\/uploads\/2023\/03\/Tabor-1-1.jpg","inLanguage":"sk-SK","potentialAction":[{"@type":"CommentAction","name":"Comment","target":["https:\/\/www.carmel.sk\/biblicketabory\/index.php\/2025\/03\/05\/2-taborovy-tim-pre-tabory-2025\/#respond"]}]},{"@type":"WebPage","@id":"https:\/\/www.carmel.sk\/biblicketabory\/index.php\/2025\/03\/05\/2-taborovy-tim-pre-tabory-2025\/","url":"https:\/\/www.carmel.sk\/biblicketabory\/index.php\/2025\/03\/05\/2-taborovy-tim-pre-tabory-2025\/","name":"2. t\u00e1borov\u00fd t\u00edm pre t\u00e1bory 2025 - Biblick\u00e9 t\u00e1bory na Borde","isPartOf":{"@id":"https:\/\/www.carmel.sk\/biblicketabory\/#website"},"primaryImageOfPage":{"@id":"https:\/\/www.carmel.sk\/biblicketabory\/index.php\/2025\/03\/05\/2-taborovy-tim-pre-tabory-2025\/#primaryimage"},"image":{"@id":"https:\/\/www.carmel.sk\/biblicketabory\/index.php\/2025\/03\/05\/2-taborovy-tim-pre-tabory-2025\/#primaryimage"},"thumbnailUrl":"https:\/\/www.carmel.sk\/biblicketabory\/wp-content\/uploads\/2023\/03\/Tabor-1-1.jpg","datePublished":"2025-03-05T10:33:15+00:00","dateModified":"2025-03-05T10:33:16+00:00","author":{"@id":"https:\/\/www.carmel.sk\/biblicketabory\/#\/schema\/person\/63b87ad355fe679f6911f9e9d61c986b"},"breadcrumb":{"@id":"https:\/\/www.carmel.sk\/biblicketabory\/index.php\/2025\/03\/05\/2-taborovy-tim-pre-tabory-2025\/#breadcrumb"},"inLanguage":"sk-SK","potentialAction":[{"@type":"ReadAction","target":["https:\/\/www.carmel.sk\/biblicketabory\/index.php\/2025\/03\/05\/2-taborovy-tim-pre-tabory-2025\/"]}]},{"@type":"ImageObject","inLanguage":"sk-SK","@id":"https:\/\/www.carmel.sk\/biblicketabory\/index.php\/2025\/03\/05\/2-taborovy-tim-pre-tabory-2025\/#primaryimage","url":"https:\/\/www.carmel.sk\/biblicketabory\/wp-content\/uploads\/2023\/03\/Tabor-1-1.jpg","contentUrl":"https:\/\/www.carmel.sk\/biblicketabory\/wp-content\/uploads\/2023\/03\/Tabor-1-1.jpg","width":822,"height":1096},{"@type":"BreadcrumbList","@id":"https:\/\/www.carmel.sk\/biblicketabory\/index.php\/2025\/03\/05\/2-taborovy-tim-pre-tabory-2025\/#breadcrumb","itemListElement":[{"@type":"ListItem","position":1,"name":"Home","item":"https:\/\/www.carmel.sk\/biblicketabory\/"},{"@type":"ListItem","position":2,"name":"2. t\u00e1borov\u00fd t\u00edm pre t\u00e1bory 2025"}]},{"@type":"WebSite","@id":"https:\/\/www.carmel.sk\/biblicketabory\/#website","url":"https:\/\/www.carmel.sk\/biblicketabory\/","name":"Biblick\u00e9 t\u00e1bory na Borde","description":"","potentialAction":[{"@type":"SearchAction","target":{"@type":"EntryPoint","urlTemplate":"https:\/\/www.carmel.sk\/biblicketabory\/?s={search_term_string}"},"query-input":{"@type":"PropertyValueSpecification","valueRequired":true,"valueName":"search_term_string"}}],"inLanguage":"sk-SK"},{"@type":"Person","@id":"https:\/\/www.carmel.sk\/biblicketabory\/#\/schema\/person\/63b87ad355fe679f6911f9e9d61c986b","name":"Kika Marcinkov\u00e1","image":{"@type":"ImageObject","inLanguage":"sk-SK","@id":"https:\/\/secure.gravatar.com\/avatar\/f9770cb25588c0b720eeee6072ce62715c196f752e5bb34c2b57e07b343c0326?s=96&d=mm&r=g","url":"https:\/\/secure.gravatar.com\/avatar\/f9770cb25588c0b720eeee6072ce62715c196f752e5bb34c2b57e07b343c0326?s=96&d=mm&r=g","contentUrl":"https:\/\/secure.gravatar.com\/avatar\/f9770cb25588c0b720eeee6072ce62715c196f752e5bb34c2b57e07b343c0326?s=96&d=mm&r=g","caption":"Kika Marcinkov\u00e1"},"url":"https:\/\/www.carmel.sk\/biblicketabory\/index.php\/author\/kika\/"}]}},"_links":{"self":[{"href":"https:\/\/www.carmel.sk\/biblicketabory\/index.php\/wp-json\/wp\/v2\/posts\/375","targetHints":{"allow":["GET"]}}],"collection":[{"href":"https:\/\/www.carmel.sk\/biblicketabory\/index.php\/wp-json\/wp\/v2\/posts"}],"about":[{"href":"https:\/\/www.carmel.sk\/biblicketabory\/index.php\/wp-json\/wp\/v2\/types\/post"}],"author":[{"embeddable":true,"href":"https:\/\/www.carmel.sk\/biblicketabory\/index.php\/wp-json\/wp\/v2\/users\/2"}],"replies":[{"embeddable":true,"href":"https:\/\/www.carmel.sk\/biblicketabory\/index.php\/wp-json\/wp\/v2\/comments?post=375"}],"version-history":[{"count":1,"href":"https:\/\/www.carmel.sk\/biblicketabory\/index.php\/wp-json\/wp\/v2\/posts\/375\/revisions"}],"predecessor-version":[{"id":398,"href":"https:\/\/www.carmel.sk\/biblicketabory\/index.php\/wp-json\/wp\/v2\/posts\/375\/revisions\/398"}],"wp:featuredmedia":[{"embeddable":true,"href":"https:\/\/www.carmel.sk\/biblicketabory\/index.php\/wp-json\/wp\/v2\/media\/213"}],"wp:attachment":[{"href":"https:\/\/www.carmel.sk\/biblicketabory\/index.php\/wp-json\/wp\/v2\/media?parent=375"}],"wp:term":[{"taxonomy":"category","embeddable":true,"href":"https:\/\/www.carmel.sk\/biblicketabory\/index.php\/wp-json\/wp\/v2\/categories?post=375"},{"taxonomy":"post_tag","embeddable":true,"href":"https:\/\/www.carmel.sk\/biblicketabory\/index.php\/wp-json\/wp\/v2\/tags?post=375"}],"curies":[{"name":"wp","href":"https:\/\/api.w.org\/{rel}","templated":true}]}}