{"id":353,"date":"2025-02-03T19:44:41","date_gmt":"2025-02-03T18:44:41","guid":{"rendered":"https:\/\/www.carmel.sk\/biblicketabory\/?p=353"},"modified":"2025-02-03T19:44:42","modified_gmt":"2025-02-03T18:44:42","slug":"detsky-turnus-2024-letne-biblicke-tabory-na-borde","status":"publish","type":"post","link":"https:\/\/www.carmel.sk\/biblicketabory\/index.php\/2025\/02\/03\/detsky-turnus-2024-letne-biblicke-tabory-na-borde\/","title":{"rendered":"Detsk\u00fd turnus 2024 &#8211; Letn\u00e9 biblick\u00e9 t\u00e1bory na Borde"},"content":{"rendered":"\n<figure class=\"wp-block-image size-large is-resized\"><img loading=\"lazy\" decoding=\"async\" width=\"1024\" height=\"768\" src=\"https:\/\/www.carmel.sk\/biblicketabory\/wp-content\/uploads\/2025\/02\/P1040574-1-1024x768.jpg\" alt=\"\" class=\"wp-image-355\" style=\"width:609px;height:auto\" srcset=\"https:\/\/www.carmel.sk\/biblicketabory\/wp-content\/uploads\/2025\/02\/P1040574-1-1024x768.jpg 1024w, https:\/\/www.carmel.sk\/biblicketabory\/wp-content\/uploads\/2025\/02\/P1040574-1-300x225.jpg 300w, https:\/\/www.carmel.sk\/biblicketabory\/wp-content\/uploads\/2025\/02\/P1040574-1-768x576.jpg 768w, https:\/\/www.carmel.sk\/biblicketabory\/wp-content\/uploads\/2025\/02\/P1040574-1-1536x1152.jpg 1536w, https:\/\/www.carmel.sk\/biblicketabory\/wp-content\/uploads\/2025\/02\/P1040574-1-2048x1536.jpg 2048w\" sizes=\"auto, (max-width: 1024px) 100vw, 1024px\" \/><\/figure>\n\n\n\n<p>45 det\u00ed, spolu s \u010fal\u0161\u00edmi 35 ved\u00facimi 28. j\u00fala a\u017e 2. augusta na \u010darovnej Borde spolu nazreli do pr\u00edbehu R\u00fat. Do sveta jej stratenej, ale aj novonadobudnutej rodiny. Po\u010das n\u00e1\u0161ho spolo\u010dn\u00e9ho \u010dasu sme sa mohli skrz t\u00e9my pri ohni, ale aj po\u010das skupiniek s ved\u00facimi u\u010di\u0165, \u010do tento pr\u00edbeh znamen\u00e1 pre n\u00e1s a ako vlastne cel\u00fd prebiehal. R\u00fat, v\u00fdznamom priate\u013esk\u00e1, alebo priate\u013eka nesie v sebe ve\u013ek\u00fd odkaz aj dnes. Navz\u00e1jom sa vieme sklama\u0165 u\u017e len t\u00fdm, \u017ee nepo\u010d\u00favame toho druh\u00e9ho. R\u00fat je v\u0161ak opakom. Akceptuje a na\u010d\u00fava. V podobnom duchu priate\u013estva a jednoty prebiehal aj tento t\u00e1bor. Deti spolu rie\u0161ili h\u00e1danky, hlavolamy, u\u010dili sa spolupracova\u0165 aj spolo\u010dne komunikova\u0165. Napriek r\u00f4znemu veku sa im darilo \u00faspe\u0161ne aj tieto v\u00fdzvy zvl\u00e1da\u0165. Neboli \u013eahk\u00e9, vy\u017eadovali ich odvahu, ve\u013eakr\u00e1t aj hodn\u00fd kus sebazapretia. <\/p>\n\n\n\n<figure class=\"wp-block-gallery has-nested-images columns-default is-cropped wp-block-gallery-1 is-layout-flex wp-block-gallery-is-layout-flex\">\n<figure class=\"wp-block-image size-large\"><img loading=\"lazy\" decoding=\"async\" width=\"1024\" height=\"768\" data-id=\"357\" src=\"https:\/\/www.carmel.sk\/biblicketabory\/wp-content\/uploads\/2025\/02\/P1020428-1024x768.jpg\" alt=\"\" class=\"wp-image-357\" srcset=\"https:\/\/www.carmel.sk\/biblicketabory\/wp-content\/uploads\/2025\/02\/P1020428-1024x768.jpg 1024w, https:\/\/www.carmel.sk\/biblicketabory\/wp-content\/uploads\/2025\/02\/P1020428-300x225.jpg 300w, https:\/\/www.carmel.sk\/biblicketabory\/wp-content\/uploads\/2025\/02\/P1020428-768x576.jpg 768w, https:\/\/www.carmel.sk\/biblicketabory\/wp-content\/uploads\/2025\/02\/P1020428-1536x1152.jpg 1536w, https:\/\/www.carmel.sk\/biblicketabory\/wp-content\/uploads\/2025\/02\/P1020428-2048x1536.jpg 2048w\" sizes=\"auto, (max-width: 1024px) 100vw, 1024px\" \/><\/figure>\n\n\n\n<figure class=\"wp-block-image size-large\"><img loading=\"lazy\" decoding=\"async\" width=\"1024\" height=\"768\" data-id=\"356\" src=\"https:\/\/www.carmel.sk\/biblicketabory\/wp-content\/uploads\/2025\/02\/P1020667-1024x768.jpg\" alt=\"\" class=\"wp-image-356\" srcset=\"https:\/\/www.carmel.sk\/biblicketabory\/wp-content\/uploads\/2025\/02\/P1020667-1024x768.jpg 1024w, https:\/\/www.carmel.sk\/biblicketabory\/wp-content\/uploads\/2025\/02\/P1020667-300x225.jpg 300w, https:\/\/www.carmel.sk\/biblicketabory\/wp-content\/uploads\/2025\/02\/P1020667-768x576.jpg 768w, https:\/\/www.carmel.sk\/biblicketabory\/wp-content\/uploads\/2025\/02\/P1020667-1536x1152.jpg 1536w, https:\/\/www.carmel.sk\/biblicketabory\/wp-content\/uploads\/2025\/02\/P1020667-2048x1536.jpg 2048w\" sizes=\"auto, (max-width: 1024px) 100vw, 1024px\" \/><\/figure>\n\n\n\n<figure class=\"wp-block-image size-large\"><img loading=\"lazy\" decoding=\"async\" width=\"1024\" height=\"768\" data-id=\"358\" src=\"https:\/\/www.carmel.sk\/biblicketabory\/wp-content\/uploads\/2025\/02\/P1040306-1024x768.jpg\" alt=\"\" class=\"wp-image-358\" srcset=\"https:\/\/www.carmel.sk\/biblicketabory\/wp-content\/uploads\/2025\/02\/P1040306-1024x768.jpg 1024w, https:\/\/www.carmel.sk\/biblicketabory\/wp-content\/uploads\/2025\/02\/P1040306-300x225.jpg 300w, https:\/\/www.carmel.sk\/biblicketabory\/wp-content\/uploads\/2025\/02\/P1040306-768x576.jpg 768w, https:\/\/www.carmel.sk\/biblicketabory\/wp-content\/uploads\/2025\/02\/P1040306-1536x1152.jpg 1536w, https:\/\/www.carmel.sk\/biblicketabory\/wp-content\/uploads\/2025\/02\/P1040306-2048x1536.jpg 2048w\" sizes=\"auto, (max-width: 1024px) 100vw, 1024px\" \/><\/figure>\n<\/figure>\n\n\n\n<p>T\u00e1bor v\u0161ak pon\u00fakal de\u0165om na vybalancovanie aj oddych a vy\u0161antenie. Vo vo\u013enom \u010dase mali na v\u00fdber sledovanie filmu, ktor\u00fd ich vtiahol do sveta Narnie. Kreat\u00edvne dielne kde mohli uk\u00e1za\u0165 diev\u010dat\u00e1 svoje \u0161ikovn\u00e9 ruky napr\u00edklad pri v\u00fdrobe n\u00e1ramkov, s\u00f4ch a dreven\u00fdch dom\u010dekov. Samozrejme aj futbal, volejbal \u010di len pr\u00edjemn\u00e9 le\u017eanie v hojdac\u00edch sie\u0165ach. Pr\u00e1ve tam mohli spozn\u00e1va\u0165 nov\u00fdch kamar\u00e1tov, ale aj ved\u00facich. Vytv\u00e1ra\u0165 vz\u0165ahy zalo\u017een\u00e9 na d\u00f4vere, \u00facte a l\u00e1ske. Priu\u010dili sa r\u00f4znym in\u00fdm \u0161portom ako je napr. frisbee. Napriek pr\u00e1zdnin\u00e1m sa deti nen\u00fatene aj ve\u013ea nov\u00e9ho nau\u010dili. Spozn\u00e1vali geografiu Slovenska, zlep\u0161ili si v\u0161eobecn\u00fd preh\u013ead, rozv\u00edjali kritick\u00e9 myslenie. Nau\u010dili sme sa spolo\u010dne tri biblick\u00e9 ver\u0161e, ktor\u00e9 sme spievali ka\u017ed\u00fd ve\u010der. A na z\u00e1ver sme to odp\u00e1lili poriadnou svadobnou hostinou biblickej R\u00fat a Bo\u00e1za. <\/p>\n\n\n\n<figure class=\"wp-block-gallery has-nested-images columns-default is-cropped wp-block-gallery-2 is-layout-flex wp-block-gallery-is-layout-flex\">\n<figure class=\"wp-block-image size-large\"><img loading=\"lazy\" decoding=\"async\" width=\"1024\" height=\"768\" data-id=\"359\" src=\"https:\/\/www.carmel.sk\/biblicketabory\/wp-content\/uploads\/2025\/02\/P1020576-1024x768.jpg\" alt=\"\" class=\"wp-image-359\" srcset=\"https:\/\/www.carmel.sk\/biblicketabory\/wp-content\/uploads\/2025\/02\/P1020576-1024x768.jpg 1024w, https:\/\/www.carmel.sk\/biblicketabory\/wp-content\/uploads\/2025\/02\/P1020576-300x225.jpg 300w, https:\/\/www.carmel.sk\/biblicketabory\/wp-content\/uploads\/2025\/02\/P1020576-768x576.jpg 768w, https:\/\/www.carmel.sk\/biblicketabory\/wp-content\/uploads\/2025\/02\/P1020576-1536x1152.jpg 1536w, https:\/\/www.carmel.sk\/biblicketabory\/wp-content\/uploads\/2025\/02\/P1020576-2048x1536.jpg 2048w\" sizes=\"auto, (max-width: 1024px) 100vw, 1024px\" \/><\/figure>\n\n\n\n<figure class=\"wp-block-image size-large\"><img loading=\"lazy\" decoding=\"async\" width=\"1024\" height=\"768\" data-id=\"360\" src=\"https:\/\/www.carmel.sk\/biblicketabory\/wp-content\/uploads\/2025\/02\/P1020614-1024x768.jpg\" alt=\"\" class=\"wp-image-360\" srcset=\"https:\/\/www.carmel.sk\/biblicketabory\/wp-content\/uploads\/2025\/02\/P1020614-1024x768.jpg 1024w, https:\/\/www.carmel.sk\/biblicketabory\/wp-content\/uploads\/2025\/02\/P1020614-300x225.jpg 300w, https:\/\/www.carmel.sk\/biblicketabory\/wp-content\/uploads\/2025\/02\/P1020614-768x576.jpg 768w, https:\/\/www.carmel.sk\/biblicketabory\/wp-content\/uploads\/2025\/02\/P1020614-1536x1152.jpg 1536w, https:\/\/www.carmel.sk\/biblicketabory\/wp-content\/uploads\/2025\/02\/P1020614-2048x1536.jpg 2048w\" sizes=\"auto, (max-width: 1024px) 100vw, 1024px\" \/><\/figure>\n<\/figure>\n\n\n\n<p>Ak tento t\u00e1bor nie\u010do vystihuje, tak je to prv\u00e9 trojver\u0161ie detskej piesne, ktor\u00e1 znie takto ,,Spievajte si s nami deti, nech t\u00e1 piese\u0148 svetom let\u00ed, o tom, \u017ee n\u00e1s Pan Je\u017ei\u0161 ma r\u00e1d\u201d. Deti mohli po\u010d\u00fava\u0165, a spieva\u0165 Jeho slovo, o tom ak\u00fd je On skrz \u013eud\u00ed akou bola R\u00fat. A v neposlednom rade: Vytv\u00e1ra\u0165 rodinu.<\/p>\n\n\n\n<p><\/p>\n\n\n\n<p>Za cel\u00fd t\u00edm letn\u00fdch biblick\u00fdch t\u00e1borov na Borde,<\/p>\n\n\n\n<p>s\u00farodenci No\u00e9mi Cinge\u013eov\u00e1 a Dami\u00e1n Cinge\u013e<\/p>\n","protected":false},"excerpt":{"rendered":"<p>45 det\u00ed, spolu s \u010fal\u0161\u00edmi 35 ved\u00facimi 28. j\u00fala a\u017e 2. augusta na \u010darovnej Borde spolu nazreli do pr\u00edbehu R\u00fat. Do sveta jej stratenej, ale aj novonadobudnutej rodiny. Po\u010das n\u00e1\u0161ho spolo\u010dn\u00e9ho \u010dasu sme sa mohli skrz t\u00e9my pri ohni, ale aj po\u010das skupiniek s ved\u00facimi u\u010di\u0165, \u010do tento pr\u00edbeh znamen\u00e1 pre n\u00e1s a ako vlastne [&hellip;]<\/p>\n","protected":false},"author":2,"featured_media":355,"comment_status":"open","ping_status":"open","sticky":false,"template":"","format":"standard","meta":{"_monsterinsights_skip_tracking":false,"_monsterinsights_sitenote_active":false,"_monsterinsights_sitenote_note":"","_monsterinsights_sitenote_category":0,"footnotes":""},"categories":[1],"tags":[],"class_list":["post-353","post","type-post","status-publish","format-standard","has-post-thumbnail","hentry","category-nezaradene"],"yoast_head":"<!-- This site is optimized with the Yoast SEO plugin v27.3 - https:\/\/yoast.com\/product\/yoast-seo-wordpress\/ -->\n<title>Detsk\u00fd turnus 2024 - Letn\u00e9 biblick\u00e9 t\u00e1bory na Borde - Biblick\u00e9 t\u00e1bory na Borde<\/title>\n<meta name=\"robots\" content=\"index, follow, max-snippet:-1, max-image-preview:large, max-video-preview:-1\" \/>\n<link rel=\"canonical\" href=\"https:\/\/www.carmel.sk\/biblicketabory\/index.php\/2025\/02\/03\/detsky-turnus-2024-letne-biblicke-tabory-na-borde\/\" \/>\n<meta property=\"og:locale\" content=\"sk_SK\" \/>\n<meta property=\"og:type\" content=\"article\" \/>\n<meta property=\"og:title\" content=\"Detsk\u00fd turnus 2024 - Letn\u00e9 biblick\u00e9 t\u00e1bory na Borde - Biblick\u00e9 t\u00e1bory na Borde\" \/>\n<meta property=\"og:description\" content=\"45 det\u00ed, spolu s \u010fal\u0161\u00edmi 35 ved\u00facimi 28. j\u00fala a\u017e 2. augusta na \u010darovnej Borde spolu nazreli do pr\u00edbehu R\u00fat. Do sveta jej stratenej, ale aj novonadobudnutej rodiny. Po\u010das n\u00e1\u0161ho spolo\u010dn\u00e9ho \u010dasu sme sa mohli skrz t\u00e9my pri ohni, ale aj po\u010das skupiniek s ved\u00facimi u\u010di\u0165, \u010do tento pr\u00edbeh znamen\u00e1 pre n\u00e1s a ako vlastne [&hellip;]\" \/>\n<meta property=\"og:url\" content=\"https:\/\/www.carmel.sk\/biblicketabory\/index.php\/2025\/02\/03\/detsky-turnus-2024-letne-biblicke-tabory-na-borde\/\" \/>\n<meta property=\"og:site_name\" content=\"Biblick\u00e9 t\u00e1bory na Borde\" \/>\n<meta property=\"article:published_time\" content=\"2025-02-03T18:44:41+00:00\" \/>\n<meta property=\"article:modified_time\" content=\"2025-02-03T18:44:42+00:00\" \/>\n<meta property=\"og:image\" content=\"https:\/\/www.carmel.sk\/biblicketabory\/wp-content\/uploads\/2025\/02\/P1040574-1-scaled.jpg\" \/>\n\t<meta property=\"og:image:width\" content=\"2560\" \/>\n\t<meta property=\"og:image:height\" content=\"1920\" \/>\n\t<meta property=\"og:image:type\" content=\"image\/jpeg\" \/>\n<meta name=\"author\" content=\"Kika Marcinkov\u00e1\" \/>\n<meta name=\"twitter:card\" content=\"summary_large_image\" \/>\n<meta name=\"twitter:label1\" content=\"Autor\" \/>\n\t<meta name=\"twitter:data1\" content=\"Kika Marcinkov\u00e1\" \/>\n\t<meta name=\"twitter:label2\" content=\"Predpokladan\u00fd \u010das \u010d\u00edtania\" \/>\n\t<meta name=\"twitter:data2\" content=\"2 min\u00faty\" \/>\n<script type=\"application\/ld+json\" class=\"yoast-schema-graph\">{\"@context\":\"https:\\\/\\\/schema.org\",\"@graph\":[{\"@type\":\"Article\",\"@id\":\"https:\\\/\\\/www.carmel.sk\\\/biblicketabory\\\/index.php\\\/2025\\\/02\\\/03\\\/detsky-turnus-2024-letne-biblicke-tabory-na-borde\\\/#article\",\"isPartOf\":{\"@id\":\"https:\\\/\\\/www.carmel.sk\\\/biblicketabory\\\/index.php\\\/2025\\\/02\\\/03\\\/detsky-turnus-2024-letne-biblicke-tabory-na-borde\\\/\"},\"author\":{\"name\":\"Kika Marcinkov\u00e1\",\"@id\":\"https:\\\/\\\/www.carmel.sk\\\/biblicketabory\\\/#\\\/schema\\\/person\\\/63b87ad355fe679f6911f9e9d61c986b\"},\"headline\":\"Detsk\u00fd turnus 2024 &#8211; Letn\u00e9 biblick\u00e9 t\u00e1bory na Borde\",\"datePublished\":\"2025-02-03T18:44:41+00:00\",\"dateModified\":\"2025-02-03T18:44:42+00:00\",\"mainEntityOfPage\":{\"@id\":\"https:\\\/\\\/www.carmel.sk\\\/biblicketabory\\\/index.php\\\/2025\\\/02\\\/03\\\/detsky-turnus-2024-letne-biblicke-tabory-na-borde\\\/\"},\"wordCount\":436,\"commentCount\":0,\"image\":{\"@id\":\"https:\\\/\\\/www.carmel.sk\\\/biblicketabory\\\/index.php\\\/2025\\\/02\\\/03\\\/detsky-turnus-2024-letne-biblicke-tabory-na-borde\\\/#primaryimage\"},\"thumbnailUrl\":\"https:\\\/\\\/www.carmel.sk\\\/biblicketabory\\\/wp-content\\\/uploads\\\/2025\\\/02\\\/P1040574-1-scaled.jpg\",\"inLanguage\":\"sk-SK\",\"potentialAction\":[{\"@type\":\"CommentAction\",\"name\":\"Comment\",\"target\":[\"https:\\\/\\\/www.carmel.sk\\\/biblicketabory\\\/index.php\\\/2025\\\/02\\\/03\\\/detsky-turnus-2024-letne-biblicke-tabory-na-borde\\\/#respond\"]}]},{\"@type\":\"WebPage\",\"@id\":\"https:\\\/\\\/www.carmel.sk\\\/biblicketabory\\\/index.php\\\/2025\\\/02\\\/03\\\/detsky-turnus-2024-letne-biblicke-tabory-na-borde\\\/\",\"url\":\"https:\\\/\\\/www.carmel.sk\\\/biblicketabory\\\/index.php\\\/2025\\\/02\\\/03\\\/detsky-turnus-2024-letne-biblicke-tabory-na-borde\\\/\",\"name\":\"Detsk\u00fd turnus 2024 - Letn\u00e9 biblick\u00e9 t\u00e1bory na Borde - Biblick\u00e9 t\u00e1bory na Borde\",\"isPartOf\":{\"@id\":\"https:\\\/\\\/www.carmel.sk\\\/biblicketabory\\\/#website\"},\"primaryImageOfPage\":{\"@id\":\"https:\\\/\\\/www.carmel.sk\\\/biblicketabory\\\/index.php\\\/2025\\\/02\\\/03\\\/detsky-turnus-2024-letne-biblicke-tabory-na-borde\\\/#primaryimage\"},\"image\":{\"@id\":\"https:\\\/\\\/www.carmel.sk\\\/biblicketabory\\\/index.php\\\/2025\\\/02\\\/03\\\/detsky-turnus-2024-letne-biblicke-tabory-na-borde\\\/#primaryimage\"},\"thumbnailUrl\":\"https:\\\/\\\/www.carmel.sk\\\/biblicketabory\\\/wp-content\\\/uploads\\\/2025\\\/02\\\/P1040574-1-scaled.jpg\",\"datePublished\":\"2025-02-03T18:44:41+00:00\",\"dateModified\":\"2025-02-03T18:44:42+00:00\",\"author\":{\"@id\":\"https:\\\/\\\/www.carmel.sk\\\/biblicketabory\\\/#\\\/schema\\\/person\\\/63b87ad355fe679f6911f9e9d61c986b\"},\"breadcrumb\":{\"@id\":\"https:\\\/\\\/www.carmel.sk\\\/biblicketabory\\\/index.php\\\/2025\\\/02\\\/03\\\/detsky-turnus-2024-letne-biblicke-tabory-na-borde\\\/#breadcrumb\"},\"inLanguage\":\"sk-SK\",\"potentialAction\":[{\"@type\":\"ReadAction\",\"target\":[\"https:\\\/\\\/www.carmel.sk\\\/biblicketabory\\\/index.php\\\/2025\\\/02\\\/03\\\/detsky-turnus-2024-letne-biblicke-tabory-na-borde\\\/\"]}]},{\"@type\":\"ImageObject\",\"inLanguage\":\"sk-SK\",\"@id\":\"https:\\\/\\\/www.carmel.sk\\\/biblicketabory\\\/index.php\\\/2025\\\/02\\\/03\\\/detsky-turnus-2024-letne-biblicke-tabory-na-borde\\\/#primaryimage\",\"url\":\"https:\\\/\\\/www.carmel.sk\\\/biblicketabory\\\/wp-content\\\/uploads\\\/2025\\\/02\\\/P1040574-1-scaled.jpg\",\"contentUrl\":\"https:\\\/\\\/www.carmel.sk\\\/biblicketabory\\\/wp-content\\\/uploads\\\/2025\\\/02\\\/P1040574-1-scaled.jpg\",\"width\":2560,\"height\":1920},{\"@type\":\"BreadcrumbList\",\"@id\":\"https:\\\/\\\/www.carmel.sk\\\/biblicketabory\\\/index.php\\\/2025\\\/02\\\/03\\\/detsky-turnus-2024-letne-biblicke-tabory-na-borde\\\/#breadcrumb\",\"itemListElement\":[{\"@type\":\"ListItem\",\"position\":1,\"name\":\"Home\",\"item\":\"https:\\\/\\\/www.carmel.sk\\\/biblicketabory\\\/\"},{\"@type\":\"ListItem\",\"position\":2,\"name\":\"Detsk\u00fd turnus 2024 &#8211; Letn\u00e9 biblick\u00e9 t\u00e1bory na Borde\"}]},{\"@type\":\"WebSite\",\"@id\":\"https:\\\/\\\/www.carmel.sk\\\/biblicketabory\\\/#website\",\"url\":\"https:\\\/\\\/www.carmel.sk\\\/biblicketabory\\\/\",\"name\":\"Biblick\u00e9 t\u00e1bory na Borde\",\"description\":\"\",\"potentialAction\":[{\"@type\":\"SearchAction\",\"target\":{\"@type\":\"EntryPoint\",\"urlTemplate\":\"https:\\\/\\\/www.carmel.sk\\\/biblicketabory\\\/?s={search_term_string}\"},\"query-input\":{\"@type\":\"PropertyValueSpecification\",\"valueRequired\":true,\"valueName\":\"search_term_string\"}}],\"inLanguage\":\"sk-SK\"},{\"@type\":\"Person\",\"@id\":\"https:\\\/\\\/www.carmel.sk\\\/biblicketabory\\\/#\\\/schema\\\/person\\\/63b87ad355fe679f6911f9e9d61c986b\",\"name\":\"Kika Marcinkov\u00e1\",\"image\":{\"@type\":\"ImageObject\",\"inLanguage\":\"sk-SK\",\"@id\":\"https:\\\/\\\/secure.gravatar.com\\\/avatar\\\/f9770cb25588c0b720eeee6072ce62715c196f752e5bb34c2b57e07b343c0326?s=96&d=mm&r=g\",\"url\":\"https:\\\/\\\/secure.gravatar.com\\\/avatar\\\/f9770cb25588c0b720eeee6072ce62715c196f752e5bb34c2b57e07b343c0326?s=96&d=mm&r=g\",\"contentUrl\":\"https:\\\/\\\/secure.gravatar.com\\\/avatar\\\/f9770cb25588c0b720eeee6072ce62715c196f752e5bb34c2b57e07b343c0326?s=96&d=mm&r=g\",\"caption\":\"Kika Marcinkov\u00e1\"},\"url\":\"https:\\\/\\\/www.carmel.sk\\\/biblicketabory\\\/index.php\\\/author\\\/kika\\\/\"}]}<\/script>\n<!-- \/ Yoast SEO plugin. -->","yoast_head_json":{"title":"Detsk\u00fd turnus 2024 - Letn\u00e9 biblick\u00e9 t\u00e1bory na Borde - Biblick\u00e9 t\u00e1bory na Borde","robots":{"index":"index","follow":"follow","max-snippet":"max-snippet:-1","max-image-preview":"max-image-preview:large","max-video-preview":"max-video-preview:-1"},"canonical":"https:\/\/www.carmel.sk\/biblicketabory\/index.php\/2025\/02\/03\/detsky-turnus-2024-letne-biblicke-tabory-na-borde\/","og_locale":"sk_SK","og_type":"article","og_title":"Detsk\u00fd turnus 2024 - Letn\u00e9 biblick\u00e9 t\u00e1bory na Borde - Biblick\u00e9 t\u00e1bory na Borde","og_description":"45 det\u00ed, spolu s \u010fal\u0161\u00edmi 35 ved\u00facimi 28. j\u00fala a\u017e 2. augusta na \u010darovnej Borde spolu nazreli do pr\u00edbehu R\u00fat. Do sveta jej stratenej, ale aj novonadobudnutej rodiny. Po\u010das n\u00e1\u0161ho spolo\u010dn\u00e9ho \u010dasu sme sa mohli skrz t\u00e9my pri ohni, ale aj po\u010das skupiniek s ved\u00facimi u\u010di\u0165, \u010do tento pr\u00edbeh znamen\u00e1 pre n\u00e1s a ako vlastne [&hellip;]","og_url":"https:\/\/www.carmel.sk\/biblicketabory\/index.php\/2025\/02\/03\/detsky-turnus-2024-letne-biblicke-tabory-na-borde\/","og_site_name":"Biblick\u00e9 t\u00e1bory na Borde","article_published_time":"2025-02-03T18:44:41+00:00","article_modified_time":"2025-02-03T18:44:42+00:00","og_image":[{"width":2560,"height":1920,"url":"https:\/\/www.carmel.sk\/biblicketabory\/wp-content\/uploads\/2025\/02\/P1040574-1-scaled.jpg","type":"image\/jpeg"}],"author":"Kika Marcinkov\u00e1","twitter_card":"summary_large_image","twitter_misc":{"Autor":"Kika Marcinkov\u00e1","Predpokladan\u00fd \u010das \u010d\u00edtania":"2 min\u00faty"},"schema":{"@context":"https:\/\/schema.org","@graph":[{"@type":"Article","@id":"https:\/\/www.carmel.sk\/biblicketabory\/index.php\/2025\/02\/03\/detsky-turnus-2024-letne-biblicke-tabory-na-borde\/#article","isPartOf":{"@id":"https:\/\/www.carmel.sk\/biblicketabory\/index.php\/2025\/02\/03\/detsky-turnus-2024-letne-biblicke-tabory-na-borde\/"},"author":{"name":"Kika Marcinkov\u00e1","@id":"https:\/\/www.carmel.sk\/biblicketabory\/#\/schema\/person\/63b87ad355fe679f6911f9e9d61c986b"},"headline":"Detsk\u00fd turnus 2024 &#8211; Letn\u00e9 biblick\u00e9 t\u00e1bory na Borde","datePublished":"2025-02-03T18:44:41+00:00","dateModified":"2025-02-03T18:44:42+00:00","mainEntityOfPage":{"@id":"https:\/\/www.carmel.sk\/biblicketabory\/index.php\/2025\/02\/03\/detsky-turnus-2024-letne-biblicke-tabory-na-borde\/"},"wordCount":436,"commentCount":0,"image":{"@id":"https:\/\/www.carmel.sk\/biblicketabory\/index.php\/2025\/02\/03\/detsky-turnus-2024-letne-biblicke-tabory-na-borde\/#primaryimage"},"thumbnailUrl":"https:\/\/www.carmel.sk\/biblicketabory\/wp-content\/uploads\/2025\/02\/P1040574-1-scaled.jpg","inLanguage":"sk-SK","potentialAction":[{"@type":"CommentAction","name":"Comment","target":["https:\/\/www.carmel.sk\/biblicketabory\/index.php\/2025\/02\/03\/detsky-turnus-2024-letne-biblicke-tabory-na-borde\/#respond"]}]},{"@type":"WebPage","@id":"https:\/\/www.carmel.sk\/biblicketabory\/index.php\/2025\/02\/03\/detsky-turnus-2024-letne-biblicke-tabory-na-borde\/","url":"https:\/\/www.carmel.sk\/biblicketabory\/index.php\/2025\/02\/03\/detsky-turnus-2024-letne-biblicke-tabory-na-borde\/","name":"Detsk\u00fd turnus 2024 - Letn\u00e9 biblick\u00e9 t\u00e1bory na Borde - Biblick\u00e9 t\u00e1bory na Borde","isPartOf":{"@id":"https:\/\/www.carmel.sk\/biblicketabory\/#website"},"primaryImageOfPage":{"@id":"https:\/\/www.carmel.sk\/biblicketabory\/index.php\/2025\/02\/03\/detsky-turnus-2024-letne-biblicke-tabory-na-borde\/#primaryimage"},"image":{"@id":"https:\/\/www.carmel.sk\/biblicketabory\/index.php\/2025\/02\/03\/detsky-turnus-2024-letne-biblicke-tabory-na-borde\/#primaryimage"},"thumbnailUrl":"https:\/\/www.carmel.sk\/biblicketabory\/wp-content\/uploads\/2025\/02\/P1040574-1-scaled.jpg","datePublished":"2025-02-03T18:44:41+00:00","dateModified":"2025-02-03T18:44:42+00:00","author":{"@id":"https:\/\/www.carmel.sk\/biblicketabory\/#\/schema\/person\/63b87ad355fe679f6911f9e9d61c986b"},"breadcrumb":{"@id":"https:\/\/www.carmel.sk\/biblicketabory\/index.php\/2025\/02\/03\/detsky-turnus-2024-letne-biblicke-tabory-na-borde\/#breadcrumb"},"inLanguage":"sk-SK","potentialAction":[{"@type":"ReadAction","target":["https:\/\/www.carmel.sk\/biblicketabory\/index.php\/2025\/02\/03\/detsky-turnus-2024-letne-biblicke-tabory-na-borde\/"]}]},{"@type":"ImageObject","inLanguage":"sk-SK","@id":"https:\/\/www.carmel.sk\/biblicketabory\/index.php\/2025\/02\/03\/detsky-turnus-2024-letne-biblicke-tabory-na-borde\/#primaryimage","url":"https:\/\/www.carmel.sk\/biblicketabory\/wp-content\/uploads\/2025\/02\/P1040574-1-scaled.jpg","contentUrl":"https:\/\/www.carmel.sk\/biblicketabory\/wp-content\/uploads\/2025\/02\/P1040574-1-scaled.jpg","width":2560,"height":1920},{"@type":"BreadcrumbList","@id":"https:\/\/www.carmel.sk\/biblicketabory\/index.php\/2025\/02\/03\/detsky-turnus-2024-letne-biblicke-tabory-na-borde\/#breadcrumb","itemListElement":[{"@type":"ListItem","position":1,"name":"Home","item":"https:\/\/www.carmel.sk\/biblicketabory\/"},{"@type":"ListItem","position":2,"name":"Detsk\u00fd turnus 2024 &#8211; Letn\u00e9 biblick\u00e9 t\u00e1bory na Borde"}]},{"@type":"WebSite","@id":"https:\/\/www.carmel.sk\/biblicketabory\/#website","url":"https:\/\/www.carmel.sk\/biblicketabory\/","name":"Biblick\u00e9 t\u00e1bory na Borde","description":"","potentialAction":[{"@type":"SearchAction","target":{"@type":"EntryPoint","urlTemplate":"https:\/\/www.carmel.sk\/biblicketabory\/?s={search_term_string}"},"query-input":{"@type":"PropertyValueSpecification","valueRequired":true,"valueName":"search_term_string"}}],"inLanguage":"sk-SK"},{"@type":"Person","@id":"https:\/\/www.carmel.sk\/biblicketabory\/#\/schema\/person\/63b87ad355fe679f6911f9e9d61c986b","name":"Kika Marcinkov\u00e1","image":{"@type":"ImageObject","inLanguage":"sk-SK","@id":"https:\/\/secure.gravatar.com\/avatar\/f9770cb25588c0b720eeee6072ce62715c196f752e5bb34c2b57e07b343c0326?s=96&d=mm&r=g","url":"https:\/\/secure.gravatar.com\/avatar\/f9770cb25588c0b720eeee6072ce62715c196f752e5bb34c2b57e07b343c0326?s=96&d=mm&r=g","contentUrl":"https:\/\/secure.gravatar.com\/avatar\/f9770cb25588c0b720eeee6072ce62715c196f752e5bb34c2b57e07b343c0326?s=96&d=mm&r=g","caption":"Kika Marcinkov\u00e1"},"url":"https:\/\/www.carmel.sk\/biblicketabory\/index.php\/author\/kika\/"}]}},"_links":{"self":[{"href":"https:\/\/www.carmel.sk\/biblicketabory\/index.php\/wp-json\/wp\/v2\/posts\/353","targetHints":{"allow":["GET"]}}],"collection":[{"href":"https:\/\/www.carmel.sk\/biblicketabory\/index.php\/wp-json\/wp\/v2\/posts"}],"about":[{"href":"https:\/\/www.carmel.sk\/biblicketabory\/index.php\/wp-json\/wp\/v2\/types\/post"}],"author":[{"embeddable":true,"href":"https:\/\/www.carmel.sk\/biblicketabory\/index.php\/wp-json\/wp\/v2\/users\/2"}],"replies":[{"embeddable":true,"href":"https:\/\/www.carmel.sk\/biblicketabory\/index.php\/wp-json\/wp\/v2\/comments?post=353"}],"version-history":[{"count":1,"href":"https:\/\/www.carmel.sk\/biblicketabory\/index.php\/wp-json\/wp\/v2\/posts\/353\/revisions"}],"predecessor-version":[{"id":361,"href":"https:\/\/www.carmel.sk\/biblicketabory\/index.php\/wp-json\/wp\/v2\/posts\/353\/revisions\/361"}],"wp:featuredmedia":[{"embeddable":true,"href":"https:\/\/www.carmel.sk\/biblicketabory\/index.php\/wp-json\/wp\/v2\/media\/355"}],"wp:attachment":[{"href":"https:\/\/www.carmel.sk\/biblicketabory\/index.php\/wp-json\/wp\/v2\/media?parent=353"}],"wp:term":[{"taxonomy":"category","embeddable":true,"href":"https:\/\/www.carmel.sk\/biblicketabory\/index.php\/wp-json\/wp\/v2\/categories?post=353"},{"taxonomy":"post_tag","embeddable":true,"href":"https:\/\/www.carmel.sk\/biblicketabory\/index.php\/wp-json\/wp\/v2\/tags?post=353"}],"curies":[{"name":"wp","href":"https:\/\/api.w.org\/{rel}","templated":true}]}}