{"id":343,"date":"2024-12-19T16:02:53","date_gmt":"2024-12-19T15:02:53","guid":{"rendered":"https:\/\/www.carmel.sk\/biblicketabory\/?p=343"},"modified":"2024-12-19T16:02:53","modified_gmt":"2024-12-19T15:02:53","slug":"1-taborovy-tim-pre-tabory-2025","status":"publish","type":"post","link":"https:\/\/www.carmel.sk\/biblicketabory\/index.php\/2024\/12\/19\/1-taborovy-tim-pre-tabory-2025\/","title":{"rendered":"1. t\u00e1borov\u00fd t\u00edm pre t\u00e1bory 2025"},"content":{"rendered":"\n<p>Mil\u00ed \u010ditatelia,<\/p>\n\n\n\n<p>aj&nbsp;tento rok sme za\u010dali s \u00favodn\u00fdmi pr\u00edpravami biblick\u00fdch t\u00e1borov na Borde. Ved\u00faci a&nbsp;pomocn\u00ed ved\u00faci absolvovali svoje prv\u00e9 \u0161kolenie v&nbsp;priestoroch na\u0161ej \u00fatulnej kaviarne.<\/p>\n\n\n\n<p>\u010c\u00edtaciu diel\u0148u viedla pani far\u00e1rka Marianna Sl\u00e1vikov\u00e1, ktor\u00e1 sa venovala \u00favodu do&nbsp;\u017eivota a poslania J\u00e1na Krstite\u013ea.&nbsp;Dovt\u00edpili ste sa spr\u00e1vne! Ide o \u00fastredn\u00fa postavu bud\u00facoro\u010dn\u00fdch t\u00e1borov. T\u00e1borov\u00fd t\u00edm, alebo inak, \u0161kolenie pre ved\u00facich, nesk\u00f4r doplnil semin\u00e1rom aj Martin \u017dingor. Diskusnej \u010dasti o r\u00f4znych modelov\u00fdch situ\u00e1ci\u00e1ch pri de\u0165och, v&nbsp; \u0161portov\u00fdch skupink\u00e1ch \u010di medzi ved\u00facimi, sa venoval Filip Jur\u010do. Nakoniec sa n\u00e1m predstavila aj nov\u00e1 riadite\u013eka neziskovej spolo\u010dnosti Carmel Centrum \u2013 M\u00e1ria&nbsp;Hredz\u00e1kov\u00e1,&nbsp;ktor\u00e1 n\u00e1m pribl\u00ed\u017eila aktivity centra, ktor\u00fdm je okrem kaviarne a biblick\u00fdch t\u00e1borov aj projekt Otvoren\u00e1 ruka, ktor\u00fd sa venuje pomoci a&nbsp; podpore rod\u00edn v n\u00fadzi prostredn\u00edctvom dobrovo\u013en\u00fdch&nbsp; darov a darcov. O&nbsp;tom, ak\u00e9&nbsp;d\u00f4le\u017eit\u00e9 je nau\u010di\u0165 sa odv\u00e1dza\u0165 desiatky v \u017eivote kres\u0165ana, a to nielen finan\u010dn\u00e9, ale napr\u00edklad aj darova\u0165 svoj osobn\u00fd \u010das \u010di talent na slu\u017ebu Bohu, n\u00e1m povedala Zuzka N\u00e9methov\u00e1.<\/p>\n\n\n\n<p>Na prvom stretnut\u00ed sa zi\u0161la ve\u013ek\u00e1 skupina mlad\u00fdch \u013eud\u00ed t\u00fa\u017eiacich r\u00e1s\u0165 v&nbsp;poznan\u00ed a sl\u00fa\u017ei\u0165 P\u00e1nu Bohu. Ver\u00edm, \u017ee to bol to po\u017eehnan\u00fd \u010das pre v\u0161etk\u00fdch z\u00fa\u010dastnen\u00fdch. My sa u\u017e teraz te\u0161\u00edme na \u010fal\u0161ie pr\u00edpravn\u00e9 \u0161kolenie. Pros\u00edm, modlite sa za na\u0161u slu\u017ebu, kreativitu a&nbsp;Bo\u017eie po\u017eehnanie.<\/p>\n\n\n\n<p>Jaroslava H\u00e1tas<\/p>\n\n\n\n<div class=\"wp-block-group is-layout-grid wp-container-core-group-is-layout-9649a0d9 wp-block-group-is-layout-grid\">\n<figure class=\"wp-block-image size-large\"><img loading=\"lazy\" decoding=\"async\" width=\"768\" height=\"1024\" src=\"https:\/\/www.carmel.sk\/biblicketabory\/wp-content\/uploads\/2024\/12\/IMG_5433-1-768x1024.jpeg\" alt=\"\" class=\"wp-image-348\" srcset=\"https:\/\/www.carmel.sk\/biblicketabory\/wp-content\/uploads\/2024\/12\/IMG_5433-1-768x1024.jpeg 768w, https:\/\/www.carmel.sk\/biblicketabory\/wp-content\/uploads\/2024\/12\/IMG_5433-1-225x300.jpeg 225w, https:\/\/www.carmel.sk\/biblicketabory\/wp-content\/uploads\/2024\/12\/IMG_5433-1-1152x1536.jpeg 1152w, https:\/\/www.carmel.sk\/biblicketabory\/wp-content\/uploads\/2024\/12\/IMG_5433-1.jpeg 1536w\" sizes=\"auto, (max-width: 768px) 100vw, 768px\" \/><\/figure>\n\n\n\n<figure class=\"wp-block-image size-large\"><img loading=\"lazy\" decoding=\"async\" width=\"768\" height=\"1024\" src=\"https:\/\/www.carmel.sk\/biblicketabory\/wp-content\/uploads\/2024\/12\/IMG_5436-2-768x1024.jpeg\" alt=\"\" class=\"wp-image-349\" srcset=\"https:\/\/www.carmel.sk\/biblicketabory\/wp-content\/uploads\/2024\/12\/IMG_5436-2-768x1024.jpeg 768w, https:\/\/www.carmel.sk\/biblicketabory\/wp-content\/uploads\/2024\/12\/IMG_5436-2-225x300.jpeg 225w, https:\/\/www.carmel.sk\/biblicketabory\/wp-content\/uploads\/2024\/12\/IMG_5436-2-1152x1536.jpeg 1152w, https:\/\/www.carmel.sk\/biblicketabory\/wp-content\/uploads\/2024\/12\/IMG_5436-2.jpeg 1536w\" sizes=\"auto, (max-width: 768px) 100vw, 768px\" \/><\/figure>\n\n\n\n<figure class=\"wp-block-image size-large\"><img loading=\"lazy\" decoding=\"async\" width=\"768\" height=\"1024\" src=\"https:\/\/www.carmel.sk\/biblicketabory\/wp-content\/uploads\/2024\/12\/IMG_5435-1-768x1024.jpeg\" alt=\"\" class=\"wp-image-350\" srcset=\"https:\/\/www.carmel.sk\/biblicketabory\/wp-content\/uploads\/2024\/12\/IMG_5435-1-768x1024.jpeg 768w, https:\/\/www.carmel.sk\/biblicketabory\/wp-content\/uploads\/2024\/12\/IMG_5435-1-225x300.jpeg 225w, https:\/\/www.carmel.sk\/biblicketabory\/wp-content\/uploads\/2024\/12\/IMG_5435-1-1152x1536.jpeg 1152w, https:\/\/www.carmel.sk\/biblicketabory\/wp-content\/uploads\/2024\/12\/IMG_5435-1.jpeg 1536w\" sizes=\"auto, (max-width: 768px) 100vw, 768px\" \/><\/figure>\n<\/div>\n\n\n\n<p><\/p>\n","protected":false},"excerpt":{"rendered":"<p>Mil\u00ed \u010ditatelia, aj&nbsp;tento rok sme za\u010dali s \u00favodn\u00fdmi pr\u00edpravami biblick\u00fdch t\u00e1borov na Borde. Ved\u00faci a&nbsp;pomocn\u00ed ved\u00faci absolvovali svoje prv\u00e9 \u0161kolenie v&nbsp;priestoroch na\u0161ej \u00fatulnej kaviarne. \u010c\u00edtaciu diel\u0148u viedla pani far\u00e1rka Marianna Sl\u00e1vikov\u00e1, ktor\u00e1 sa venovala \u00favodu do&nbsp;\u017eivota a poslania J\u00e1na Krstite\u013ea.&nbsp;Dovt\u00edpili ste sa spr\u00e1vne! Ide o \u00fastredn\u00fa postavu bud\u00facoro\u010dn\u00fdch t\u00e1borov. T\u00e1borov\u00fd t\u00edm, alebo inak, \u0161kolenie pre [&hellip;]<\/p>\n","protected":false},"author":2,"featured_media":348,"comment_status":"open","ping_status":"open","sticky":false,"template":"","format":"standard","meta":{"_monsterinsights_skip_tracking":false,"_monsterinsights_sitenote_active":false,"_monsterinsights_sitenote_note":"","_monsterinsights_sitenote_category":0,"footnotes":""},"categories":[1],"tags":[],"class_list":["post-343","post","type-post","status-publish","format-standard","has-post-thumbnail","hentry","category-nezaradene"],"yoast_head":"<!-- This site is optimized with the Yoast SEO plugin v27.3 - https:\/\/yoast.com\/product\/yoast-seo-wordpress\/ -->\n<title>1. t\u00e1borov\u00fd t\u00edm pre t\u00e1bory 2025 - Biblick\u00e9 t\u00e1bory na Borde<\/title>\n<meta name=\"robots\" content=\"index, follow, max-snippet:-1, max-image-preview:large, max-video-preview:-1\" \/>\n<link rel=\"canonical\" href=\"https:\/\/www.carmel.sk\/biblicketabory\/index.php\/2024\/12\/19\/1-taborovy-tim-pre-tabory-2025\/\" \/>\n<meta property=\"og:locale\" content=\"sk_SK\" \/>\n<meta property=\"og:type\" content=\"article\" \/>\n<meta property=\"og:title\" content=\"1. t\u00e1borov\u00fd t\u00edm pre t\u00e1bory 2025 - Biblick\u00e9 t\u00e1bory na Borde\" \/>\n<meta property=\"og:description\" content=\"Mil\u00ed \u010ditatelia, aj&nbsp;tento rok sme za\u010dali s \u00favodn\u00fdmi pr\u00edpravami biblick\u00fdch t\u00e1borov na Borde. Ved\u00faci a&nbsp;pomocn\u00ed ved\u00faci absolvovali svoje prv\u00e9 \u0161kolenie v&nbsp;priestoroch na\u0161ej \u00fatulnej kaviarne. \u010c\u00edtaciu diel\u0148u viedla pani far\u00e1rka Marianna Sl\u00e1vikov\u00e1, ktor\u00e1 sa venovala \u00favodu do&nbsp;\u017eivota a poslania J\u00e1na Krstite\u013ea.&nbsp;Dovt\u00edpili ste sa spr\u00e1vne! Ide o \u00fastredn\u00fa postavu bud\u00facoro\u010dn\u00fdch t\u00e1borov. T\u00e1borov\u00fd t\u00edm, alebo inak, \u0161kolenie pre [&hellip;]\" \/>\n<meta property=\"og:url\" content=\"https:\/\/www.carmel.sk\/biblicketabory\/index.php\/2024\/12\/19\/1-taborovy-tim-pre-tabory-2025\/\" \/>\n<meta property=\"og:site_name\" content=\"Biblick\u00e9 t\u00e1bory na Borde\" \/>\n<meta property=\"article:published_time\" content=\"2024-12-19T15:02:53+00:00\" \/>\n<meta property=\"og:image\" content=\"https:\/\/www.carmel.sk\/biblicketabory\/wp-content\/uploads\/2024\/12\/IMG_5433-1.jpeg\" \/>\n\t<meta property=\"og:image:width\" content=\"1536\" \/>\n\t<meta property=\"og:image:height\" content=\"2048\" \/>\n\t<meta property=\"og:image:type\" content=\"image\/jpeg\" \/>\n<meta name=\"author\" content=\"Kika Marcinkov\u00e1\" \/>\n<meta name=\"twitter:card\" content=\"summary_large_image\" \/>\n<meta name=\"twitter:label1\" content=\"Autor\" \/>\n\t<meta name=\"twitter:data1\" content=\"Kika Marcinkov\u00e1\" \/>\n\t<meta name=\"twitter:label2\" content=\"Predpokladan\u00fd \u010das \u010d\u00edtania\" \/>\n\t<meta name=\"twitter:data2\" content=\"2 min\u00faty\" \/>\n<script type=\"application\/ld+json\" class=\"yoast-schema-graph\">{\"@context\":\"https:\\\/\\\/schema.org\",\"@graph\":[{\"@type\":\"Article\",\"@id\":\"https:\\\/\\\/www.carmel.sk\\\/biblicketabory\\\/index.php\\\/2024\\\/12\\\/19\\\/1-taborovy-tim-pre-tabory-2025\\\/#article\",\"isPartOf\":{\"@id\":\"https:\\\/\\\/www.carmel.sk\\\/biblicketabory\\\/index.php\\\/2024\\\/12\\\/19\\\/1-taborovy-tim-pre-tabory-2025\\\/\"},\"author\":{\"name\":\"Kika Marcinkov\u00e1\",\"@id\":\"https:\\\/\\\/www.carmel.sk\\\/biblicketabory\\\/#\\\/schema\\\/person\\\/63b87ad355fe679f6911f9e9d61c986b\"},\"headline\":\"1. t\u00e1borov\u00fd t\u00edm pre t\u00e1bory 2025\",\"datePublished\":\"2024-12-19T15:02:53+00:00\",\"mainEntityOfPage\":{\"@id\":\"https:\\\/\\\/www.carmel.sk\\\/biblicketabory\\\/index.php\\\/2024\\\/12\\\/19\\\/1-taborovy-tim-pre-tabory-2025\\\/\"},\"wordCount\":309,\"commentCount\":0,\"image\":{\"@id\":\"https:\\\/\\\/www.carmel.sk\\\/biblicketabory\\\/index.php\\\/2024\\\/12\\\/19\\\/1-taborovy-tim-pre-tabory-2025\\\/#primaryimage\"},\"thumbnailUrl\":\"https:\\\/\\\/www.carmel.sk\\\/biblicketabory\\\/wp-content\\\/uploads\\\/2024\\\/12\\\/IMG_5433-1.jpeg\",\"inLanguage\":\"sk-SK\",\"potentialAction\":[{\"@type\":\"CommentAction\",\"name\":\"Comment\",\"target\":[\"https:\\\/\\\/www.carmel.sk\\\/biblicketabory\\\/index.php\\\/2024\\\/12\\\/19\\\/1-taborovy-tim-pre-tabory-2025\\\/#respond\"]}]},{\"@type\":\"WebPage\",\"@id\":\"https:\\\/\\\/www.carmel.sk\\\/biblicketabory\\\/index.php\\\/2024\\\/12\\\/19\\\/1-taborovy-tim-pre-tabory-2025\\\/\",\"url\":\"https:\\\/\\\/www.carmel.sk\\\/biblicketabory\\\/index.php\\\/2024\\\/12\\\/19\\\/1-taborovy-tim-pre-tabory-2025\\\/\",\"name\":\"1. t\u00e1borov\u00fd t\u00edm pre t\u00e1bory 2025 - Biblick\u00e9 t\u00e1bory na Borde\",\"isPartOf\":{\"@id\":\"https:\\\/\\\/www.carmel.sk\\\/biblicketabory\\\/#website\"},\"primaryImageOfPage\":{\"@id\":\"https:\\\/\\\/www.carmel.sk\\\/biblicketabory\\\/index.php\\\/2024\\\/12\\\/19\\\/1-taborovy-tim-pre-tabory-2025\\\/#primaryimage\"},\"image\":{\"@id\":\"https:\\\/\\\/www.carmel.sk\\\/biblicketabory\\\/index.php\\\/2024\\\/12\\\/19\\\/1-taborovy-tim-pre-tabory-2025\\\/#primaryimage\"},\"thumbnailUrl\":\"https:\\\/\\\/www.carmel.sk\\\/biblicketabory\\\/wp-content\\\/uploads\\\/2024\\\/12\\\/IMG_5433-1.jpeg\",\"datePublished\":\"2024-12-19T15:02:53+00:00\",\"author\":{\"@id\":\"https:\\\/\\\/www.carmel.sk\\\/biblicketabory\\\/#\\\/schema\\\/person\\\/63b87ad355fe679f6911f9e9d61c986b\"},\"breadcrumb\":{\"@id\":\"https:\\\/\\\/www.carmel.sk\\\/biblicketabory\\\/index.php\\\/2024\\\/12\\\/19\\\/1-taborovy-tim-pre-tabory-2025\\\/#breadcrumb\"},\"inLanguage\":\"sk-SK\",\"potentialAction\":[{\"@type\":\"ReadAction\",\"target\":[\"https:\\\/\\\/www.carmel.sk\\\/biblicketabory\\\/index.php\\\/2024\\\/12\\\/19\\\/1-taborovy-tim-pre-tabory-2025\\\/\"]}]},{\"@type\":\"ImageObject\",\"inLanguage\":\"sk-SK\",\"@id\":\"https:\\\/\\\/www.carmel.sk\\\/biblicketabory\\\/index.php\\\/2024\\\/12\\\/19\\\/1-taborovy-tim-pre-tabory-2025\\\/#primaryimage\",\"url\":\"https:\\\/\\\/www.carmel.sk\\\/biblicketabory\\\/wp-content\\\/uploads\\\/2024\\\/12\\\/IMG_5433-1.jpeg\",\"contentUrl\":\"https:\\\/\\\/www.carmel.sk\\\/biblicketabory\\\/wp-content\\\/uploads\\\/2024\\\/12\\\/IMG_5433-1.jpeg\",\"width\":1536,\"height\":2048},{\"@type\":\"BreadcrumbList\",\"@id\":\"https:\\\/\\\/www.carmel.sk\\\/biblicketabory\\\/index.php\\\/2024\\\/12\\\/19\\\/1-taborovy-tim-pre-tabory-2025\\\/#breadcrumb\",\"itemListElement\":[{\"@type\":\"ListItem\",\"position\":1,\"name\":\"Home\",\"item\":\"https:\\\/\\\/www.carmel.sk\\\/biblicketabory\\\/\"},{\"@type\":\"ListItem\",\"position\":2,\"name\":\"1. t\u00e1borov\u00fd t\u00edm pre t\u00e1bory 2025\"}]},{\"@type\":\"WebSite\",\"@id\":\"https:\\\/\\\/www.carmel.sk\\\/biblicketabory\\\/#website\",\"url\":\"https:\\\/\\\/www.carmel.sk\\\/biblicketabory\\\/\",\"name\":\"Biblick\u00e9 t\u00e1bory na Borde\",\"description\":\"\",\"potentialAction\":[{\"@type\":\"SearchAction\",\"target\":{\"@type\":\"EntryPoint\",\"urlTemplate\":\"https:\\\/\\\/www.carmel.sk\\\/biblicketabory\\\/?s={search_term_string}\"},\"query-input\":{\"@type\":\"PropertyValueSpecification\",\"valueRequired\":true,\"valueName\":\"search_term_string\"}}],\"inLanguage\":\"sk-SK\"},{\"@type\":\"Person\",\"@id\":\"https:\\\/\\\/www.carmel.sk\\\/biblicketabory\\\/#\\\/schema\\\/person\\\/63b87ad355fe679f6911f9e9d61c986b\",\"name\":\"Kika Marcinkov\u00e1\",\"image\":{\"@type\":\"ImageObject\",\"inLanguage\":\"sk-SK\",\"@id\":\"https:\\\/\\\/secure.gravatar.com\\\/avatar\\\/f9770cb25588c0b720eeee6072ce62715c196f752e5bb34c2b57e07b343c0326?s=96&d=mm&r=g\",\"url\":\"https:\\\/\\\/secure.gravatar.com\\\/avatar\\\/f9770cb25588c0b720eeee6072ce62715c196f752e5bb34c2b57e07b343c0326?s=96&d=mm&r=g\",\"contentUrl\":\"https:\\\/\\\/secure.gravatar.com\\\/avatar\\\/f9770cb25588c0b720eeee6072ce62715c196f752e5bb34c2b57e07b343c0326?s=96&d=mm&r=g\",\"caption\":\"Kika Marcinkov\u00e1\"},\"url\":\"https:\\\/\\\/www.carmel.sk\\\/biblicketabory\\\/index.php\\\/author\\\/kika\\\/\"}]}<\/script>\n<!-- \/ Yoast SEO plugin. -->","yoast_head_json":{"title":"1. t\u00e1borov\u00fd t\u00edm pre t\u00e1bory 2025 - Biblick\u00e9 t\u00e1bory na Borde","robots":{"index":"index","follow":"follow","max-snippet":"max-snippet:-1","max-image-preview":"max-image-preview:large","max-video-preview":"max-video-preview:-1"},"canonical":"https:\/\/www.carmel.sk\/biblicketabory\/index.php\/2024\/12\/19\/1-taborovy-tim-pre-tabory-2025\/","og_locale":"sk_SK","og_type":"article","og_title":"1. t\u00e1borov\u00fd t\u00edm pre t\u00e1bory 2025 - Biblick\u00e9 t\u00e1bory na Borde","og_description":"Mil\u00ed \u010ditatelia, aj&nbsp;tento rok sme za\u010dali s \u00favodn\u00fdmi pr\u00edpravami biblick\u00fdch t\u00e1borov na Borde. Ved\u00faci a&nbsp;pomocn\u00ed ved\u00faci absolvovali svoje prv\u00e9 \u0161kolenie v&nbsp;priestoroch na\u0161ej \u00fatulnej kaviarne. \u010c\u00edtaciu diel\u0148u viedla pani far\u00e1rka Marianna Sl\u00e1vikov\u00e1, ktor\u00e1 sa venovala \u00favodu do&nbsp;\u017eivota a poslania J\u00e1na Krstite\u013ea.&nbsp;Dovt\u00edpili ste sa spr\u00e1vne! Ide o \u00fastredn\u00fa postavu bud\u00facoro\u010dn\u00fdch t\u00e1borov. T\u00e1borov\u00fd t\u00edm, alebo inak, \u0161kolenie pre [&hellip;]","og_url":"https:\/\/www.carmel.sk\/biblicketabory\/index.php\/2024\/12\/19\/1-taborovy-tim-pre-tabory-2025\/","og_site_name":"Biblick\u00e9 t\u00e1bory na Borde","article_published_time":"2024-12-19T15:02:53+00:00","og_image":[{"width":1536,"height":2048,"url":"https:\/\/www.carmel.sk\/biblicketabory\/wp-content\/uploads\/2024\/12\/IMG_5433-1.jpeg","type":"image\/jpeg"}],"author":"Kika Marcinkov\u00e1","twitter_card":"summary_large_image","twitter_misc":{"Autor":"Kika Marcinkov\u00e1","Predpokladan\u00fd \u010das \u010d\u00edtania":"2 min\u00faty"},"schema":{"@context":"https:\/\/schema.org","@graph":[{"@type":"Article","@id":"https:\/\/www.carmel.sk\/biblicketabory\/index.php\/2024\/12\/19\/1-taborovy-tim-pre-tabory-2025\/#article","isPartOf":{"@id":"https:\/\/www.carmel.sk\/biblicketabory\/index.php\/2024\/12\/19\/1-taborovy-tim-pre-tabory-2025\/"},"author":{"name":"Kika Marcinkov\u00e1","@id":"https:\/\/www.carmel.sk\/biblicketabory\/#\/schema\/person\/63b87ad355fe679f6911f9e9d61c986b"},"headline":"1. t\u00e1borov\u00fd t\u00edm pre t\u00e1bory 2025","datePublished":"2024-12-19T15:02:53+00:00","mainEntityOfPage":{"@id":"https:\/\/www.carmel.sk\/biblicketabory\/index.php\/2024\/12\/19\/1-taborovy-tim-pre-tabory-2025\/"},"wordCount":309,"commentCount":0,"image":{"@id":"https:\/\/www.carmel.sk\/biblicketabory\/index.php\/2024\/12\/19\/1-taborovy-tim-pre-tabory-2025\/#primaryimage"},"thumbnailUrl":"https:\/\/www.carmel.sk\/biblicketabory\/wp-content\/uploads\/2024\/12\/IMG_5433-1.jpeg","inLanguage":"sk-SK","potentialAction":[{"@type":"CommentAction","name":"Comment","target":["https:\/\/www.carmel.sk\/biblicketabory\/index.php\/2024\/12\/19\/1-taborovy-tim-pre-tabory-2025\/#respond"]}]},{"@type":"WebPage","@id":"https:\/\/www.carmel.sk\/biblicketabory\/index.php\/2024\/12\/19\/1-taborovy-tim-pre-tabory-2025\/","url":"https:\/\/www.carmel.sk\/biblicketabory\/index.php\/2024\/12\/19\/1-taborovy-tim-pre-tabory-2025\/","name":"1. t\u00e1borov\u00fd t\u00edm pre t\u00e1bory 2025 - Biblick\u00e9 t\u00e1bory na Borde","isPartOf":{"@id":"https:\/\/www.carmel.sk\/biblicketabory\/#website"},"primaryImageOfPage":{"@id":"https:\/\/www.carmel.sk\/biblicketabory\/index.php\/2024\/12\/19\/1-taborovy-tim-pre-tabory-2025\/#primaryimage"},"image":{"@id":"https:\/\/www.carmel.sk\/biblicketabory\/index.php\/2024\/12\/19\/1-taborovy-tim-pre-tabory-2025\/#primaryimage"},"thumbnailUrl":"https:\/\/www.carmel.sk\/biblicketabory\/wp-content\/uploads\/2024\/12\/IMG_5433-1.jpeg","datePublished":"2024-12-19T15:02:53+00:00","author":{"@id":"https:\/\/www.carmel.sk\/biblicketabory\/#\/schema\/person\/63b87ad355fe679f6911f9e9d61c986b"},"breadcrumb":{"@id":"https:\/\/www.carmel.sk\/biblicketabory\/index.php\/2024\/12\/19\/1-taborovy-tim-pre-tabory-2025\/#breadcrumb"},"inLanguage":"sk-SK","potentialAction":[{"@type":"ReadAction","target":["https:\/\/www.carmel.sk\/biblicketabory\/index.php\/2024\/12\/19\/1-taborovy-tim-pre-tabory-2025\/"]}]},{"@type":"ImageObject","inLanguage":"sk-SK","@id":"https:\/\/www.carmel.sk\/biblicketabory\/index.php\/2024\/12\/19\/1-taborovy-tim-pre-tabory-2025\/#primaryimage","url":"https:\/\/www.carmel.sk\/biblicketabory\/wp-content\/uploads\/2024\/12\/IMG_5433-1.jpeg","contentUrl":"https:\/\/www.carmel.sk\/biblicketabory\/wp-content\/uploads\/2024\/12\/IMG_5433-1.jpeg","width":1536,"height":2048},{"@type":"BreadcrumbList","@id":"https:\/\/www.carmel.sk\/biblicketabory\/index.php\/2024\/12\/19\/1-taborovy-tim-pre-tabory-2025\/#breadcrumb","itemListElement":[{"@type":"ListItem","position":1,"name":"Home","item":"https:\/\/www.carmel.sk\/biblicketabory\/"},{"@type":"ListItem","position":2,"name":"1. t\u00e1borov\u00fd t\u00edm pre t\u00e1bory 2025"}]},{"@type":"WebSite","@id":"https:\/\/www.carmel.sk\/biblicketabory\/#website","url":"https:\/\/www.carmel.sk\/biblicketabory\/","name":"Biblick\u00e9 t\u00e1bory na Borde","description":"","potentialAction":[{"@type":"SearchAction","target":{"@type":"EntryPoint","urlTemplate":"https:\/\/www.carmel.sk\/biblicketabory\/?s={search_term_string}"},"query-input":{"@type":"PropertyValueSpecification","valueRequired":true,"valueName":"search_term_string"}}],"inLanguage":"sk-SK"},{"@type":"Person","@id":"https:\/\/www.carmel.sk\/biblicketabory\/#\/schema\/person\/63b87ad355fe679f6911f9e9d61c986b","name":"Kika Marcinkov\u00e1","image":{"@type":"ImageObject","inLanguage":"sk-SK","@id":"https:\/\/secure.gravatar.com\/avatar\/f9770cb25588c0b720eeee6072ce62715c196f752e5bb34c2b57e07b343c0326?s=96&d=mm&r=g","url":"https:\/\/secure.gravatar.com\/avatar\/f9770cb25588c0b720eeee6072ce62715c196f752e5bb34c2b57e07b343c0326?s=96&d=mm&r=g","contentUrl":"https:\/\/secure.gravatar.com\/avatar\/f9770cb25588c0b720eeee6072ce62715c196f752e5bb34c2b57e07b343c0326?s=96&d=mm&r=g","caption":"Kika Marcinkov\u00e1"},"url":"https:\/\/www.carmel.sk\/biblicketabory\/index.php\/author\/kika\/"}]}},"_links":{"self":[{"href":"https:\/\/www.carmel.sk\/biblicketabory\/index.php\/wp-json\/wp\/v2\/posts\/343","targetHints":{"allow":["GET"]}}],"collection":[{"href":"https:\/\/www.carmel.sk\/biblicketabory\/index.php\/wp-json\/wp\/v2\/posts"}],"about":[{"href":"https:\/\/www.carmel.sk\/biblicketabory\/index.php\/wp-json\/wp\/v2\/types\/post"}],"author":[{"embeddable":true,"href":"https:\/\/www.carmel.sk\/biblicketabory\/index.php\/wp-json\/wp\/v2\/users\/2"}],"replies":[{"embeddable":true,"href":"https:\/\/www.carmel.sk\/biblicketabory\/index.php\/wp-json\/wp\/v2\/comments?post=343"}],"version-history":[{"count":1,"href":"https:\/\/www.carmel.sk\/biblicketabory\/index.php\/wp-json\/wp\/v2\/posts\/343\/revisions"}],"predecessor-version":[{"id":351,"href":"https:\/\/www.carmel.sk\/biblicketabory\/index.php\/wp-json\/wp\/v2\/posts\/343\/revisions\/351"}],"wp:featuredmedia":[{"embeddable":true,"href":"https:\/\/www.carmel.sk\/biblicketabory\/index.php\/wp-json\/wp\/v2\/media\/348"}],"wp:attachment":[{"href":"https:\/\/www.carmel.sk\/biblicketabory\/index.php\/wp-json\/wp\/v2\/media?parent=343"}],"wp:term":[{"taxonomy":"category","embeddable":true,"href":"https:\/\/www.carmel.sk\/biblicketabory\/index.php\/wp-json\/wp\/v2\/categories?post=343"},{"taxonomy":"post_tag","embeddable":true,"href":"https:\/\/www.carmel.sk\/biblicketabory\/index.php\/wp-json\/wp\/v2\/tags?post=343"}],"curies":[{"name":"wp","href":"https:\/\/api.w.org\/{rel}","templated":true}]}}