{"id":324,"date":"2024-08-14T12:30:53","date_gmt":"2024-08-14T10:30:53","guid":{"rendered":"https:\/\/www.carmel.sk\/biblicketabory\/?p=324"},"modified":"2024-08-14T12:33:50","modified_gmt":"2024-08-14T10:33:50","slug":"dorastovy-turnus-2024-letne-biblicke-tabory-na-borde","status":"publish","type":"post","link":"https:\/\/www.carmel.sk\/biblicketabory\/index.php\/2024\/08\/14\/dorastovy-turnus-2024-letne-biblicke-tabory-na-borde\/","title":{"rendered":"Dorastov\u00fd turnus 2024 &#8211; Letn\u00e9 biblick\u00e9 t\u00e1bory na Borde"},"content":{"rendered":"\n<figure class=\"wp-block-image size-large is-resized\"><img loading=\"lazy\" decoding=\"async\" width=\"1024\" height=\"683\" src=\"https:\/\/www.carmel.sk\/biblicketabory\/wp-content\/uploads\/2024\/08\/IMG_E3189-1-1024x683.jpg\" alt=\"\" class=\"wp-image-325\" style=\"width:531px;height:auto\" srcset=\"https:\/\/www.carmel.sk\/biblicketabory\/wp-content\/uploads\/2024\/08\/IMG_E3189-1-1024x683.jpg 1024w, https:\/\/www.carmel.sk\/biblicketabory\/wp-content\/uploads\/2024\/08\/IMG_E3189-1-300x200.jpg 300w, https:\/\/www.carmel.sk\/biblicketabory\/wp-content\/uploads\/2024\/08\/IMG_E3189-1-768x512.jpg 768w, https:\/\/www.carmel.sk\/biblicketabory\/wp-content\/uploads\/2024\/08\/IMG_E3189-1-1536x1024.jpg 1536w, https:\/\/www.carmel.sk\/biblicketabory\/wp-content\/uploads\/2024\/08\/IMG_E3189-1-2048x1365.jpg 2048w\" sizes=\"auto, (max-width: 1024px) 100vw, 1024px\" \/><\/figure>\n\n\n\n<p>Ka\u017edoro\u010dn\u00fdm vrcholom letn\u00fdch pr\u00e1zdnin je pre m\u0148a nepochybne doras\u0165\u00e1k na Borde. Je to \u010darovn\u00e9 miesto. \u010cas tam plynie akosi inak. V\u00a0spleti mnohorak\u00fdch aktiv\u00edt sa ani nenazd\u00e1\u0161, a\u00a0u\u017e sa ocit\u00e1\u0161 pred posledn\u00fdm d\u0148om. S\u00a0nostalgiou v\u00a0o\u010diach sa len obzer\u00e1\u0161 za v\u0161etk\u00fdmi spomienkami, ktor\u00e9 si si vytvoril a\u00a0odpo\u010d\u00edtava\u0161 dni, kedy sa op\u00e4\u0165\u00a0vr\u00e1ti\u0161. A\u00a0tento rok nebol v\u00fdnimkou.<\/p>\n\n\n\n<figure class=\"wp-block-gallery has-nested-images columns-default is-cropped wp-block-gallery-1 is-layout-flex wp-block-gallery-is-layout-flex\">\n<figure class=\"wp-block-image size-large\"><img loading=\"lazy\" decoding=\"async\" width=\"1024\" height=\"683\" data-id=\"332\" src=\"https:\/\/www.carmel.sk\/biblicketabory\/wp-content\/uploads\/2024\/08\/IMG_2495-1-1-1024x683.jpg\" alt=\"\" class=\"wp-image-332\" srcset=\"https:\/\/www.carmel.sk\/biblicketabory\/wp-content\/uploads\/2024\/08\/IMG_2495-1-1-1024x683.jpg 1024w, https:\/\/www.carmel.sk\/biblicketabory\/wp-content\/uploads\/2024\/08\/IMG_2495-1-1-300x200.jpg 300w, https:\/\/www.carmel.sk\/biblicketabory\/wp-content\/uploads\/2024\/08\/IMG_2495-1-1-768x512.jpg 768w, https:\/\/www.carmel.sk\/biblicketabory\/wp-content\/uploads\/2024\/08\/IMG_2495-1-1-1536x1024.jpg 1536w, https:\/\/www.carmel.sk\/biblicketabory\/wp-content\/uploads\/2024\/08\/IMG_2495-1-1-2048x1365.jpg 2048w\" sizes=\"auto, (max-width: 1024px) 100vw, 1024px\" \/><\/figure>\n\n\n\n<figure class=\"wp-block-image size-large\"><img loading=\"lazy\" decoding=\"async\" width=\"1024\" height=\"683\" data-id=\"334\" src=\"https:\/\/www.carmel.sk\/biblicketabory\/wp-content\/uploads\/2024\/08\/IMG_2570-1-1024x683.jpg\" alt=\"\" class=\"wp-image-334\" srcset=\"https:\/\/www.carmel.sk\/biblicketabory\/wp-content\/uploads\/2024\/08\/IMG_2570-1-1024x683.jpg 1024w, https:\/\/www.carmel.sk\/biblicketabory\/wp-content\/uploads\/2024\/08\/IMG_2570-1-300x200.jpg 300w, https:\/\/www.carmel.sk\/biblicketabory\/wp-content\/uploads\/2024\/08\/IMG_2570-1-768x512.jpg 768w, https:\/\/www.carmel.sk\/biblicketabory\/wp-content\/uploads\/2024\/08\/IMG_2570-1-1536x1024.jpg 1536w, https:\/\/www.carmel.sk\/biblicketabory\/wp-content\/uploads\/2024\/08\/IMG_2570-1-2048x1365.jpg 2048w\" sizes=\"auto, (max-width: 1024px) 100vw, 1024px\" \/><\/figure>\n\n\n\n<figure class=\"wp-block-image size-large\"><img loading=\"lazy\" decoding=\"async\" width=\"1024\" height=\"683\" data-id=\"333\" src=\"https:\/\/www.carmel.sk\/biblicketabory\/wp-content\/uploads\/2024\/08\/IMG_2916-1-1024x683.jpg\" alt=\"\" class=\"wp-image-333\" srcset=\"https:\/\/www.carmel.sk\/biblicketabory\/wp-content\/uploads\/2024\/08\/IMG_2916-1-1024x683.jpg 1024w, https:\/\/www.carmel.sk\/biblicketabory\/wp-content\/uploads\/2024\/08\/IMG_2916-1-300x200.jpg 300w, https:\/\/www.carmel.sk\/biblicketabory\/wp-content\/uploads\/2024\/08\/IMG_2916-1-768x512.jpg 768w, https:\/\/www.carmel.sk\/biblicketabory\/wp-content\/uploads\/2024\/08\/IMG_2916-1-1536x1024.jpg 1536w, https:\/\/www.carmel.sk\/biblicketabory\/wp-content\/uploads\/2024\/08\/IMG_2916-1-2048x1365.jpg 2048w\" sizes=\"auto, (max-width: 1024px) 100vw, 1024px\" \/><\/figure>\n<\/figure>\n\n\n\n<p>\u010cas \u017eatvy. Tak znel z\u00e1hadn\u00fd n\u00e1zov tohto ro\u010dn\u00edka. \u00da\u010dastn\u00edci sa po\u010das t\u00fd\u017ed\u0148a dozvedeli, \u017ee sa za n\u00edm skr\u00fdva biblick\u00fd pr\u00edbeh knihy R\u00fat. Ka\u017ed\u00fdm d\u0148om sme na ve\u010dern\u00fdch t\u00e9mach poodhalili k\u00fasok z\u00a0neho. Ke\u010f\u017ee doras\u0165\u00e1k je ur\u010den\u00fd t\u00edned\u017eerom vo veku 12-18 rokov, kvalitn\u00fd \u010das sme str\u00e1vili aj na ka\u017edodenn\u00fdch men\u0161\u00edch skupink\u00e1ch, kedy sme sa zdie\u013eali bli\u017e\u0161ie, nielen o\u00a0tomto pr\u00edbehu. To je \u010fal\u0161ia z\u00a0vec\u00ed, ktor\u00e1 rob\u00ed toto miesto tak vz\u00e1cnym. Spolo\u010denstvo. Na\u0161im cie\u013eom je hl\u00e1sa\u0165 meno Je\u017ei\u0161 do v\u0161etk\u00fdch s\u0155dc a\u00a0mysl\u00ed, ktor\u00e9 sem prich\u00e1dzaj\u00fa. T\u00fa\u017eime im preda\u0165 biblick\u00e9 pravdy, ale aj to, ako Boh kon\u00e1 v\u00a0na\u0161ich osobn\u00fdch \u017eivotoch.<\/p>\n\n\n\n<figure class=\"wp-block-image size-large is-resized\"><img loading=\"lazy\" decoding=\"async\" width=\"1024\" height=\"683\" src=\"https:\/\/www.carmel.sk\/biblicketabory\/wp-content\/uploads\/2024\/08\/IMG_2546-1024x683.jpg\" alt=\"\" class=\"wp-image-330\" style=\"width:434px;height:auto\" srcset=\"https:\/\/www.carmel.sk\/biblicketabory\/wp-content\/uploads\/2024\/08\/IMG_2546-1024x683.jpg 1024w, https:\/\/www.carmel.sk\/biblicketabory\/wp-content\/uploads\/2024\/08\/IMG_2546-300x200.jpg 300w, https:\/\/www.carmel.sk\/biblicketabory\/wp-content\/uploads\/2024\/08\/IMG_2546-768x512.jpg 768w, https:\/\/www.carmel.sk\/biblicketabory\/wp-content\/uploads\/2024\/08\/IMG_2546-1536x1024.jpg 1536w, https:\/\/www.carmel.sk\/biblicketabory\/wp-content\/uploads\/2024\/08\/IMG_2546-2048x1365.jpg 2048w\" sizes=\"auto, (max-width: 1024px) 100vw, 1024px\" \/><\/figure>\n\n\n\n<p>Okrem toho je t\u00fd\u017ede\u0148 na t\u00e1bore obohaten\u00fd o\u00a0po\u010detn\u00e9 \u010dinnosti. Cez de\u0148 sa venujeme rozli\u010dn\u00fdm hr\u00e1m \u2013 \u0161portov\u00fdm, lesn\u00fdm, vodn\u00fdm, \u010di biblick\u00fdm. Tento rok sme v\u010faka dobr\u00e9mu po\u010dasiu stihli aj t\u00faru. Poobedie maj\u00fa dorastenci vyhraden\u00e9 pre workshopy r\u00f4zneho druhu \u2013 skauti, tvorilky, kulin\u00e1ri, spar\u0165ania aj diev\u010dat\u00e1 v\u00a0pohybe. No nie je ni\u010d nad vo\u013en\u00fa poobedn\u00fa siestu, v\u0161ak?<\/p>\n\n\n\n<figure class=\"wp-block-gallery has-nested-images columns-default is-cropped wp-block-gallery-2 is-layout-flex wp-block-gallery-is-layout-flex\">\n<figure class=\"wp-block-image size-large\"><img loading=\"lazy\" decoding=\"async\" width=\"1024\" height=\"683\" data-id=\"335\" src=\"https:\/\/www.carmel.sk\/biblicketabory\/wp-content\/uploads\/2024\/08\/IMG_2255-1-1024x683.jpg\" alt=\"\" class=\"wp-image-335\" srcset=\"https:\/\/www.carmel.sk\/biblicketabory\/wp-content\/uploads\/2024\/08\/IMG_2255-1-1024x683.jpg 1024w, https:\/\/www.carmel.sk\/biblicketabory\/wp-content\/uploads\/2024\/08\/IMG_2255-1-300x200.jpg 300w, https:\/\/www.carmel.sk\/biblicketabory\/wp-content\/uploads\/2024\/08\/IMG_2255-1-768x512.jpg 768w, https:\/\/www.carmel.sk\/biblicketabory\/wp-content\/uploads\/2024\/08\/IMG_2255-1-1536x1024.jpg 1536w, https:\/\/www.carmel.sk\/biblicketabory\/wp-content\/uploads\/2024\/08\/IMG_2255-1-2048x1365.jpg 2048w\" sizes=\"auto, (max-width: 1024px) 100vw, 1024px\" \/><\/figure>\n\n\n\n<figure class=\"wp-block-image size-large\"><img loading=\"lazy\" decoding=\"async\" width=\"1024\" height=\"683\" data-id=\"336\" src=\"https:\/\/www.carmel.sk\/biblicketabory\/wp-content\/uploads\/2024\/08\/IMG_3124-2-1024x683.jpg\" alt=\"\" class=\"wp-image-336\" srcset=\"https:\/\/www.carmel.sk\/biblicketabory\/wp-content\/uploads\/2024\/08\/IMG_3124-2-1024x683.jpg 1024w, https:\/\/www.carmel.sk\/biblicketabory\/wp-content\/uploads\/2024\/08\/IMG_3124-2-300x200.jpg 300w, https:\/\/www.carmel.sk\/biblicketabory\/wp-content\/uploads\/2024\/08\/IMG_3124-2-768x512.jpg 768w, https:\/\/www.carmel.sk\/biblicketabory\/wp-content\/uploads\/2024\/08\/IMG_3124-2-1536x1024.jpg 1536w, https:\/\/www.carmel.sk\/biblicketabory\/wp-content\/uploads\/2024\/08\/IMG_3124-2-2048x1365.jpg 2048w\" sizes=\"auto, (max-width: 1024px) 100vw, 1024px\" \/><\/figure>\n<\/figure>\n\n\n\n<p>Dorastenci s\u00fa po\u010das cel\u00e9ho t\u00fd\u017ed\u0148a sprev\u00e1dzan\u00fd t\u00edmom mlad\u00fdch \u013eud\u00ed, ktor\u00ed sa venuj\u00fa pr\u00edprave t\u00e1bora u\u017e v\u00a0priebehu roka. Po\u010das t\u00edmov\u00fdch stretnut\u00ed pracuj\u00fa na zdokona\u013eovan\u00ed \u010dasu, ktor\u00ed tu deti str\u00e1via, ale z\u00e1rove\u0148 aj na sebe. Ka\u017ed\u00fdm rokom rast\u00fa v\u00a0zodpovednosti. Napokon, ni\u010d z\u00a0toho by nebolo mo\u017en\u00e9, neby\u0165 n\u00e1\u0161ho Stvorite\u013ea. Jemu patr\u00ed chv\u00e1la a\u00a0v\u010faka. Nie je mo\u017en\u00e9, \u017ee svet tento t\u00fd\u017ede\u0148 nepoc\u00edti.<\/p>\n\n\n\n<p><\/p>\n\n\n\n<p>Za cel\u00fd t\u00edm letn\u00fdch biblick\u00fdch t\u00e1borov na Borde,<\/p>\n\n\n\n<p>T\u00edmea D\u00e9k\u00e1nyov\u00e1<\/p>\n","protected":false},"excerpt":{"rendered":"<p>Ka\u017edoro\u010dn\u00fdm vrcholom letn\u00fdch pr\u00e1zdnin je pre m\u0148a nepochybne doras\u0165\u00e1k na Borde. Je to \u010darovn\u00e9 miesto. \u010cas tam plynie akosi inak. V\u00a0spleti mnohorak\u00fdch aktiv\u00edt sa ani nenazd\u00e1\u0161, a\u00a0u\u017e sa ocit\u00e1\u0161 pred posledn\u00fdm d\u0148om. S\u00a0nostalgiou v\u00a0o\u010diach sa len obzer\u00e1\u0161 za v\u0161etk\u00fdmi spomienkami, ktor\u00e9 si si vytvoril a\u00a0odpo\u010d\u00edtava\u0161 dni, kedy sa op\u00e4\u0165\u00a0vr\u00e1ti\u0161. A\u00a0tento rok nebol v\u00fdnimkou. \u010cas \u017eatvy. [&hellip;]<\/p>\n","protected":false},"author":2,"featured_media":325,"comment_status":"open","ping_status":"open","sticky":false,"template":"","format":"standard","meta":{"_monsterinsights_skip_tracking":false,"_monsterinsights_sitenote_active":false,"_monsterinsights_sitenote_note":"","_monsterinsights_sitenote_category":0,"footnotes":""},"categories":[1],"tags":[],"class_list":["post-324","post","type-post","status-publish","format-standard","has-post-thumbnail","hentry","category-nezaradene"],"yoast_head":"<!-- This site is optimized with the Yoast SEO plugin v27.3 - https:\/\/yoast.com\/product\/yoast-seo-wordpress\/ -->\n<title>Dorastov\u00fd turnus 2024 - Letn\u00e9 biblick\u00e9 t\u00e1bory na Borde - Biblick\u00e9 t\u00e1bory na Borde<\/title>\n<meta name=\"robots\" content=\"index, follow, max-snippet:-1, max-image-preview:large, max-video-preview:-1\" \/>\n<link rel=\"canonical\" href=\"https:\/\/www.carmel.sk\/biblicketabory\/index.php\/2024\/08\/14\/dorastovy-turnus-2024-letne-biblicke-tabory-na-borde\/\" \/>\n<meta property=\"og:locale\" content=\"sk_SK\" \/>\n<meta property=\"og:type\" content=\"article\" \/>\n<meta property=\"og:title\" content=\"Dorastov\u00fd turnus 2024 - Letn\u00e9 biblick\u00e9 t\u00e1bory na Borde - Biblick\u00e9 t\u00e1bory na Borde\" \/>\n<meta property=\"og:description\" content=\"Ka\u017edoro\u010dn\u00fdm vrcholom letn\u00fdch pr\u00e1zdnin je pre m\u0148a nepochybne doras\u0165\u00e1k na Borde. Je to \u010darovn\u00e9 miesto. \u010cas tam plynie akosi inak. V\u00a0spleti mnohorak\u00fdch aktiv\u00edt sa ani nenazd\u00e1\u0161, a\u00a0u\u017e sa ocit\u00e1\u0161 pred posledn\u00fdm d\u0148om. S\u00a0nostalgiou v\u00a0o\u010diach sa len obzer\u00e1\u0161 za v\u0161etk\u00fdmi spomienkami, ktor\u00e9 si si vytvoril a\u00a0odpo\u010d\u00edtava\u0161 dni, kedy sa op\u00e4\u0165\u00a0vr\u00e1ti\u0161. A\u00a0tento rok nebol v\u00fdnimkou. \u010cas \u017eatvy. [&hellip;]\" \/>\n<meta property=\"og:url\" content=\"https:\/\/www.carmel.sk\/biblicketabory\/index.php\/2024\/08\/14\/dorastovy-turnus-2024-letne-biblicke-tabory-na-borde\/\" \/>\n<meta property=\"og:site_name\" content=\"Biblick\u00e9 t\u00e1bory na Borde\" \/>\n<meta property=\"article:published_time\" content=\"2024-08-14T10:30:53+00:00\" \/>\n<meta property=\"article:modified_time\" content=\"2024-08-14T10:33:50+00:00\" \/>\n<meta property=\"og:image\" content=\"https:\/\/www.carmel.sk\/biblicketabory\/wp-content\/uploads\/2024\/08\/IMG_E3189-1-scaled.jpg\" \/>\n\t<meta property=\"og:image:width\" content=\"2560\" \/>\n\t<meta property=\"og:image:height\" content=\"1707\" \/>\n\t<meta property=\"og:image:type\" content=\"image\/jpeg\" \/>\n<meta name=\"author\" content=\"Kika Marcinkov\u00e1\" \/>\n<meta name=\"twitter:card\" content=\"summary_large_image\" \/>\n<meta name=\"twitter:label1\" content=\"Autor\" \/>\n\t<meta name=\"twitter:data1\" content=\"Kika Marcinkov\u00e1\" \/>\n\t<meta name=\"twitter:label2\" content=\"Predpokladan\u00fd \u010das \u010d\u00edtania\" \/>\n\t<meta name=\"twitter:data2\" content=\"2 min\u00faty\" \/>\n<script type=\"application\/ld+json\" class=\"yoast-schema-graph\">{\"@context\":\"https:\\\/\\\/schema.org\",\"@graph\":[{\"@type\":\"Article\",\"@id\":\"https:\\\/\\\/www.carmel.sk\\\/biblicketabory\\\/index.php\\\/2024\\\/08\\\/14\\\/dorastovy-turnus-2024-letne-biblicke-tabory-na-borde\\\/#article\",\"isPartOf\":{\"@id\":\"https:\\\/\\\/www.carmel.sk\\\/biblicketabory\\\/index.php\\\/2024\\\/08\\\/14\\\/dorastovy-turnus-2024-letne-biblicke-tabory-na-borde\\\/\"},\"author\":{\"name\":\"Kika Marcinkov\u00e1\",\"@id\":\"https:\\\/\\\/www.carmel.sk\\\/biblicketabory\\\/#\\\/schema\\\/person\\\/63b87ad355fe679f6911f9e9d61c986b\"},\"headline\":\"Dorastov\u00fd turnus 2024 &#8211; Letn\u00e9 biblick\u00e9 t\u00e1bory na Borde\",\"datePublished\":\"2024-08-14T10:30:53+00:00\",\"dateModified\":\"2024-08-14T10:33:50+00:00\",\"mainEntityOfPage\":{\"@id\":\"https:\\\/\\\/www.carmel.sk\\\/biblicketabory\\\/index.php\\\/2024\\\/08\\\/14\\\/dorastovy-turnus-2024-letne-biblicke-tabory-na-borde\\\/\"},\"wordCount\":411,\"commentCount\":0,\"image\":{\"@id\":\"https:\\\/\\\/www.carmel.sk\\\/biblicketabory\\\/index.php\\\/2024\\\/08\\\/14\\\/dorastovy-turnus-2024-letne-biblicke-tabory-na-borde\\\/#primaryimage\"},\"thumbnailUrl\":\"https:\\\/\\\/www.carmel.sk\\\/biblicketabory\\\/wp-content\\\/uploads\\\/2024\\\/08\\\/IMG_E3189-1-scaled.jpg\",\"inLanguage\":\"sk-SK\",\"potentialAction\":[{\"@type\":\"CommentAction\",\"name\":\"Comment\",\"target\":[\"https:\\\/\\\/www.carmel.sk\\\/biblicketabory\\\/index.php\\\/2024\\\/08\\\/14\\\/dorastovy-turnus-2024-letne-biblicke-tabory-na-borde\\\/#respond\"]}]},{\"@type\":\"WebPage\",\"@id\":\"https:\\\/\\\/www.carmel.sk\\\/biblicketabory\\\/index.php\\\/2024\\\/08\\\/14\\\/dorastovy-turnus-2024-letne-biblicke-tabory-na-borde\\\/\",\"url\":\"https:\\\/\\\/www.carmel.sk\\\/biblicketabory\\\/index.php\\\/2024\\\/08\\\/14\\\/dorastovy-turnus-2024-letne-biblicke-tabory-na-borde\\\/\",\"name\":\"Dorastov\u00fd turnus 2024 - Letn\u00e9 biblick\u00e9 t\u00e1bory na Borde - Biblick\u00e9 t\u00e1bory na Borde\",\"isPartOf\":{\"@id\":\"https:\\\/\\\/www.carmel.sk\\\/biblicketabory\\\/#website\"},\"primaryImageOfPage\":{\"@id\":\"https:\\\/\\\/www.carmel.sk\\\/biblicketabory\\\/index.php\\\/2024\\\/08\\\/14\\\/dorastovy-turnus-2024-letne-biblicke-tabory-na-borde\\\/#primaryimage\"},\"image\":{\"@id\":\"https:\\\/\\\/www.carmel.sk\\\/biblicketabory\\\/index.php\\\/2024\\\/08\\\/14\\\/dorastovy-turnus-2024-letne-biblicke-tabory-na-borde\\\/#primaryimage\"},\"thumbnailUrl\":\"https:\\\/\\\/www.carmel.sk\\\/biblicketabory\\\/wp-content\\\/uploads\\\/2024\\\/08\\\/IMG_E3189-1-scaled.jpg\",\"datePublished\":\"2024-08-14T10:30:53+00:00\",\"dateModified\":\"2024-08-14T10:33:50+00:00\",\"author\":{\"@id\":\"https:\\\/\\\/www.carmel.sk\\\/biblicketabory\\\/#\\\/schema\\\/person\\\/63b87ad355fe679f6911f9e9d61c986b\"},\"breadcrumb\":{\"@id\":\"https:\\\/\\\/www.carmel.sk\\\/biblicketabory\\\/index.php\\\/2024\\\/08\\\/14\\\/dorastovy-turnus-2024-letne-biblicke-tabory-na-borde\\\/#breadcrumb\"},\"inLanguage\":\"sk-SK\",\"potentialAction\":[{\"@type\":\"ReadAction\",\"target\":[\"https:\\\/\\\/www.carmel.sk\\\/biblicketabory\\\/index.php\\\/2024\\\/08\\\/14\\\/dorastovy-turnus-2024-letne-biblicke-tabory-na-borde\\\/\"]}]},{\"@type\":\"ImageObject\",\"inLanguage\":\"sk-SK\",\"@id\":\"https:\\\/\\\/www.carmel.sk\\\/biblicketabory\\\/index.php\\\/2024\\\/08\\\/14\\\/dorastovy-turnus-2024-letne-biblicke-tabory-na-borde\\\/#primaryimage\",\"url\":\"https:\\\/\\\/www.carmel.sk\\\/biblicketabory\\\/wp-content\\\/uploads\\\/2024\\\/08\\\/IMG_E3189-1-scaled.jpg\",\"contentUrl\":\"https:\\\/\\\/www.carmel.sk\\\/biblicketabory\\\/wp-content\\\/uploads\\\/2024\\\/08\\\/IMG_E3189-1-scaled.jpg\",\"width\":2560,\"height\":1707},{\"@type\":\"BreadcrumbList\",\"@id\":\"https:\\\/\\\/www.carmel.sk\\\/biblicketabory\\\/index.php\\\/2024\\\/08\\\/14\\\/dorastovy-turnus-2024-letne-biblicke-tabory-na-borde\\\/#breadcrumb\",\"itemListElement\":[{\"@type\":\"ListItem\",\"position\":1,\"name\":\"Home\",\"item\":\"https:\\\/\\\/www.carmel.sk\\\/biblicketabory\\\/\"},{\"@type\":\"ListItem\",\"position\":2,\"name\":\"Dorastov\u00fd turnus 2024 &#8211; Letn\u00e9 biblick\u00e9 t\u00e1bory na Borde\"}]},{\"@type\":\"WebSite\",\"@id\":\"https:\\\/\\\/www.carmel.sk\\\/biblicketabory\\\/#website\",\"url\":\"https:\\\/\\\/www.carmel.sk\\\/biblicketabory\\\/\",\"name\":\"Biblick\u00e9 t\u00e1bory na Borde\",\"description\":\"\",\"potentialAction\":[{\"@type\":\"SearchAction\",\"target\":{\"@type\":\"EntryPoint\",\"urlTemplate\":\"https:\\\/\\\/www.carmel.sk\\\/biblicketabory\\\/?s={search_term_string}\"},\"query-input\":{\"@type\":\"PropertyValueSpecification\",\"valueRequired\":true,\"valueName\":\"search_term_string\"}}],\"inLanguage\":\"sk-SK\"},{\"@type\":\"Person\",\"@id\":\"https:\\\/\\\/www.carmel.sk\\\/biblicketabory\\\/#\\\/schema\\\/person\\\/63b87ad355fe679f6911f9e9d61c986b\",\"name\":\"Kika Marcinkov\u00e1\",\"image\":{\"@type\":\"ImageObject\",\"inLanguage\":\"sk-SK\",\"@id\":\"https:\\\/\\\/secure.gravatar.com\\\/avatar\\\/f9770cb25588c0b720eeee6072ce62715c196f752e5bb34c2b57e07b343c0326?s=96&d=mm&r=g\",\"url\":\"https:\\\/\\\/secure.gravatar.com\\\/avatar\\\/f9770cb25588c0b720eeee6072ce62715c196f752e5bb34c2b57e07b343c0326?s=96&d=mm&r=g\",\"contentUrl\":\"https:\\\/\\\/secure.gravatar.com\\\/avatar\\\/f9770cb25588c0b720eeee6072ce62715c196f752e5bb34c2b57e07b343c0326?s=96&d=mm&r=g\",\"caption\":\"Kika Marcinkov\u00e1\"},\"url\":\"https:\\\/\\\/www.carmel.sk\\\/biblicketabory\\\/index.php\\\/author\\\/kika\\\/\"}]}<\/script>\n<!-- \/ Yoast SEO plugin. -->","yoast_head_json":{"title":"Dorastov\u00fd turnus 2024 - Letn\u00e9 biblick\u00e9 t\u00e1bory na Borde - Biblick\u00e9 t\u00e1bory na Borde","robots":{"index":"index","follow":"follow","max-snippet":"max-snippet:-1","max-image-preview":"max-image-preview:large","max-video-preview":"max-video-preview:-1"},"canonical":"https:\/\/www.carmel.sk\/biblicketabory\/index.php\/2024\/08\/14\/dorastovy-turnus-2024-letne-biblicke-tabory-na-borde\/","og_locale":"sk_SK","og_type":"article","og_title":"Dorastov\u00fd turnus 2024 - Letn\u00e9 biblick\u00e9 t\u00e1bory na Borde - Biblick\u00e9 t\u00e1bory na Borde","og_description":"Ka\u017edoro\u010dn\u00fdm vrcholom letn\u00fdch pr\u00e1zdnin je pre m\u0148a nepochybne doras\u0165\u00e1k na Borde. Je to \u010darovn\u00e9 miesto. \u010cas tam plynie akosi inak. V\u00a0spleti mnohorak\u00fdch aktiv\u00edt sa ani nenazd\u00e1\u0161, a\u00a0u\u017e sa ocit\u00e1\u0161 pred posledn\u00fdm d\u0148om. S\u00a0nostalgiou v\u00a0o\u010diach sa len obzer\u00e1\u0161 za v\u0161etk\u00fdmi spomienkami, ktor\u00e9 si si vytvoril a\u00a0odpo\u010d\u00edtava\u0161 dni, kedy sa op\u00e4\u0165\u00a0vr\u00e1ti\u0161. A\u00a0tento rok nebol v\u00fdnimkou. \u010cas \u017eatvy. [&hellip;]","og_url":"https:\/\/www.carmel.sk\/biblicketabory\/index.php\/2024\/08\/14\/dorastovy-turnus-2024-letne-biblicke-tabory-na-borde\/","og_site_name":"Biblick\u00e9 t\u00e1bory na Borde","article_published_time":"2024-08-14T10:30:53+00:00","article_modified_time":"2024-08-14T10:33:50+00:00","og_image":[{"width":2560,"height":1707,"url":"https:\/\/www.carmel.sk\/biblicketabory\/wp-content\/uploads\/2024\/08\/IMG_E3189-1-scaled.jpg","type":"image\/jpeg"}],"author":"Kika Marcinkov\u00e1","twitter_card":"summary_large_image","twitter_misc":{"Autor":"Kika Marcinkov\u00e1","Predpokladan\u00fd \u010das \u010d\u00edtania":"2 min\u00faty"},"schema":{"@context":"https:\/\/schema.org","@graph":[{"@type":"Article","@id":"https:\/\/www.carmel.sk\/biblicketabory\/index.php\/2024\/08\/14\/dorastovy-turnus-2024-letne-biblicke-tabory-na-borde\/#article","isPartOf":{"@id":"https:\/\/www.carmel.sk\/biblicketabory\/index.php\/2024\/08\/14\/dorastovy-turnus-2024-letne-biblicke-tabory-na-borde\/"},"author":{"name":"Kika Marcinkov\u00e1","@id":"https:\/\/www.carmel.sk\/biblicketabory\/#\/schema\/person\/63b87ad355fe679f6911f9e9d61c986b"},"headline":"Dorastov\u00fd turnus 2024 &#8211; Letn\u00e9 biblick\u00e9 t\u00e1bory na Borde","datePublished":"2024-08-14T10:30:53+00:00","dateModified":"2024-08-14T10:33:50+00:00","mainEntityOfPage":{"@id":"https:\/\/www.carmel.sk\/biblicketabory\/index.php\/2024\/08\/14\/dorastovy-turnus-2024-letne-biblicke-tabory-na-borde\/"},"wordCount":411,"commentCount":0,"image":{"@id":"https:\/\/www.carmel.sk\/biblicketabory\/index.php\/2024\/08\/14\/dorastovy-turnus-2024-letne-biblicke-tabory-na-borde\/#primaryimage"},"thumbnailUrl":"https:\/\/www.carmel.sk\/biblicketabory\/wp-content\/uploads\/2024\/08\/IMG_E3189-1-scaled.jpg","inLanguage":"sk-SK","potentialAction":[{"@type":"CommentAction","name":"Comment","target":["https:\/\/www.carmel.sk\/biblicketabory\/index.php\/2024\/08\/14\/dorastovy-turnus-2024-letne-biblicke-tabory-na-borde\/#respond"]}]},{"@type":"WebPage","@id":"https:\/\/www.carmel.sk\/biblicketabory\/index.php\/2024\/08\/14\/dorastovy-turnus-2024-letne-biblicke-tabory-na-borde\/","url":"https:\/\/www.carmel.sk\/biblicketabory\/index.php\/2024\/08\/14\/dorastovy-turnus-2024-letne-biblicke-tabory-na-borde\/","name":"Dorastov\u00fd turnus 2024 - Letn\u00e9 biblick\u00e9 t\u00e1bory na Borde - Biblick\u00e9 t\u00e1bory na Borde","isPartOf":{"@id":"https:\/\/www.carmel.sk\/biblicketabory\/#website"},"primaryImageOfPage":{"@id":"https:\/\/www.carmel.sk\/biblicketabory\/index.php\/2024\/08\/14\/dorastovy-turnus-2024-letne-biblicke-tabory-na-borde\/#primaryimage"},"image":{"@id":"https:\/\/www.carmel.sk\/biblicketabory\/index.php\/2024\/08\/14\/dorastovy-turnus-2024-letne-biblicke-tabory-na-borde\/#primaryimage"},"thumbnailUrl":"https:\/\/www.carmel.sk\/biblicketabory\/wp-content\/uploads\/2024\/08\/IMG_E3189-1-scaled.jpg","datePublished":"2024-08-14T10:30:53+00:00","dateModified":"2024-08-14T10:33:50+00:00","author":{"@id":"https:\/\/www.carmel.sk\/biblicketabory\/#\/schema\/person\/63b87ad355fe679f6911f9e9d61c986b"},"breadcrumb":{"@id":"https:\/\/www.carmel.sk\/biblicketabory\/index.php\/2024\/08\/14\/dorastovy-turnus-2024-letne-biblicke-tabory-na-borde\/#breadcrumb"},"inLanguage":"sk-SK","potentialAction":[{"@type":"ReadAction","target":["https:\/\/www.carmel.sk\/biblicketabory\/index.php\/2024\/08\/14\/dorastovy-turnus-2024-letne-biblicke-tabory-na-borde\/"]}]},{"@type":"ImageObject","inLanguage":"sk-SK","@id":"https:\/\/www.carmel.sk\/biblicketabory\/index.php\/2024\/08\/14\/dorastovy-turnus-2024-letne-biblicke-tabory-na-borde\/#primaryimage","url":"https:\/\/www.carmel.sk\/biblicketabory\/wp-content\/uploads\/2024\/08\/IMG_E3189-1-scaled.jpg","contentUrl":"https:\/\/www.carmel.sk\/biblicketabory\/wp-content\/uploads\/2024\/08\/IMG_E3189-1-scaled.jpg","width":2560,"height":1707},{"@type":"BreadcrumbList","@id":"https:\/\/www.carmel.sk\/biblicketabory\/index.php\/2024\/08\/14\/dorastovy-turnus-2024-letne-biblicke-tabory-na-borde\/#breadcrumb","itemListElement":[{"@type":"ListItem","position":1,"name":"Home","item":"https:\/\/www.carmel.sk\/biblicketabory\/"},{"@type":"ListItem","position":2,"name":"Dorastov\u00fd turnus 2024 &#8211; Letn\u00e9 biblick\u00e9 t\u00e1bory na Borde"}]},{"@type":"WebSite","@id":"https:\/\/www.carmel.sk\/biblicketabory\/#website","url":"https:\/\/www.carmel.sk\/biblicketabory\/","name":"Biblick\u00e9 t\u00e1bory na Borde","description":"","potentialAction":[{"@type":"SearchAction","target":{"@type":"EntryPoint","urlTemplate":"https:\/\/www.carmel.sk\/biblicketabory\/?s={search_term_string}"},"query-input":{"@type":"PropertyValueSpecification","valueRequired":true,"valueName":"search_term_string"}}],"inLanguage":"sk-SK"},{"@type":"Person","@id":"https:\/\/www.carmel.sk\/biblicketabory\/#\/schema\/person\/63b87ad355fe679f6911f9e9d61c986b","name":"Kika Marcinkov\u00e1","image":{"@type":"ImageObject","inLanguage":"sk-SK","@id":"https:\/\/secure.gravatar.com\/avatar\/f9770cb25588c0b720eeee6072ce62715c196f752e5bb34c2b57e07b343c0326?s=96&d=mm&r=g","url":"https:\/\/secure.gravatar.com\/avatar\/f9770cb25588c0b720eeee6072ce62715c196f752e5bb34c2b57e07b343c0326?s=96&d=mm&r=g","contentUrl":"https:\/\/secure.gravatar.com\/avatar\/f9770cb25588c0b720eeee6072ce62715c196f752e5bb34c2b57e07b343c0326?s=96&d=mm&r=g","caption":"Kika Marcinkov\u00e1"},"url":"https:\/\/www.carmel.sk\/biblicketabory\/index.php\/author\/kika\/"}]}},"_links":{"self":[{"href":"https:\/\/www.carmel.sk\/biblicketabory\/index.php\/wp-json\/wp\/v2\/posts\/324","targetHints":{"allow":["GET"]}}],"collection":[{"href":"https:\/\/www.carmel.sk\/biblicketabory\/index.php\/wp-json\/wp\/v2\/posts"}],"about":[{"href":"https:\/\/www.carmel.sk\/biblicketabory\/index.php\/wp-json\/wp\/v2\/types\/post"}],"author":[{"embeddable":true,"href":"https:\/\/www.carmel.sk\/biblicketabory\/index.php\/wp-json\/wp\/v2\/users\/2"}],"replies":[{"embeddable":true,"href":"https:\/\/www.carmel.sk\/biblicketabory\/index.php\/wp-json\/wp\/v2\/comments?post=324"}],"version-history":[{"count":1,"href":"https:\/\/www.carmel.sk\/biblicketabory\/index.php\/wp-json\/wp\/v2\/posts\/324\/revisions"}],"predecessor-version":[{"id":337,"href":"https:\/\/www.carmel.sk\/biblicketabory\/index.php\/wp-json\/wp\/v2\/posts\/324\/revisions\/337"}],"wp:featuredmedia":[{"embeddable":true,"href":"https:\/\/www.carmel.sk\/biblicketabory\/index.php\/wp-json\/wp\/v2\/media\/325"}],"wp:attachment":[{"href":"https:\/\/www.carmel.sk\/biblicketabory\/index.php\/wp-json\/wp\/v2\/media?parent=324"}],"wp:term":[{"taxonomy":"category","embeddable":true,"href":"https:\/\/www.carmel.sk\/biblicketabory\/index.php\/wp-json\/wp\/v2\/categories?post=324"},{"taxonomy":"post_tag","embeddable":true,"href":"https:\/\/www.carmel.sk\/biblicketabory\/index.php\/wp-json\/wp\/v2\/tags?post=324"}],"curies":[{"name":"wp","href":"https:\/\/api.w.org\/{rel}","templated":true}]}}