{"id":267,"date":"2024-02-12T20:24:07","date_gmt":"2024-02-12T19:24:07","guid":{"rendered":"https:\/\/www.carmel.sk\/biblicketabory\/?p=267"},"modified":"2024-02-12T20:26:20","modified_gmt":"2024-02-12T19:26:20","slug":"1-taborovy-tim-pre-tabory-2024-secovce-2","status":"publish","type":"post","link":"https:\/\/www.carmel.sk\/biblicketabory\/index.php\/2024\/02\/12\/1-taborovy-tim-pre-tabory-2024-secovce-2\/","title":{"rendered":"2. t\u00e1borov\u00fd t\u00edm pre t\u00e1bory 2024 &#8211; Se\u010dovce"},"content":{"rendered":"\n<p>Ak ste sa sami niekedy z\u00fa\u010dastnili nejak\u00e9ho t\u00e1bora, tak iste viete, \u017ee dobr\u00fd letn\u00fd t\u00e1bor je viac ako len z\u00e1bavn\u00fdm miestom pre deti. M\u00f4\u017ee by\u0165 u\u017eito\u010dn\u00fd vo viacer\u00fdch smeroch. <\/p>\n\n\n\n<p>Na\u0161im d\u00f4vodom, pre\u010do letn\u00e9 biblick\u00e9 t\u00e1bory na Borde rob\u00edme je, \u017ee sa sna\u017e\u00edme de\u0165om pribl\u00ed\u017ei\u0165 pr\u00edbehy a\u00a0postavy z\u00a0Biblie, chceme im rozpr\u00e1va\u0165 o\u00a0P\u00e1nu Bohu. <\/p>\n\n\n\n<figure class=\"wp-block-image size-large is-resized\"><img loading=\"lazy\" decoding=\"async\" width=\"1024\" height=\"768\" src=\"https:\/\/www.carmel.sk\/biblicketabory\/wp-content\/uploads\/2024\/02\/IMG_20240203_091031-1-1024x768.jpg\" alt=\"\" class=\"wp-image-269\" style=\"object-fit:cover;width:728px;height:auto\" srcset=\"https:\/\/www.carmel.sk\/biblicketabory\/wp-content\/uploads\/2024\/02\/IMG_20240203_091031-1-1024x768.jpg 1024w, https:\/\/www.carmel.sk\/biblicketabory\/wp-content\/uploads\/2024\/02\/IMG_20240203_091031-1-300x225.jpg 300w, https:\/\/www.carmel.sk\/biblicketabory\/wp-content\/uploads\/2024\/02\/IMG_20240203_091031-1-768x576.jpg 768w, https:\/\/www.carmel.sk\/biblicketabory\/wp-content\/uploads\/2024\/02\/IMG_20240203_091031-1-1536x1152.jpg 1536w, https:\/\/www.carmel.sk\/biblicketabory\/wp-content\/uploads\/2024\/02\/IMG_20240203_091031-1-2048x1536.jpg 2048w\" sizes=\"auto, (max-width: 1024px) 100vw, 1024px\" \/><\/figure>\n\n\n\n<p>Druh\u00fd t\u00e1borov\u00fd t\u00edm sa uskuto\u010dnil 3. febru\u00e1ra 2024 v\u00a0Carmel kaviarni v\u00a0Se\u010dovciach. <\/p>\n\n\n\n<p>Na ka\u017edom t\u00e1borovom t\u00edme rozober\u00e1me biblick\u00fd text, biblick\u00fd pr\u00edbeh, o\u00a0ktorom bude najbli\u017e\u0161\u00ed letn\u00fd biblick\u00fd t\u00e1bor. Tentokr\u00e1t je to kniha R\u00fat, ktor\u00fa sme za\u010dali podrobne prebera\u0165 a\u00a0rozpr\u00e1va\u0165 o\u00a0nej u\u017e na prvom t\u00e1borovom t\u00edme a\u00a0teraz sme v\u00a0nej pokra\u010dovali.<\/p>\n\n\n\n<p>Pokra\u010dovanie prvej kapitoly a\u00a0cel\u00e1 druh\u00e1 kapitola knihy R\u00fat bola na\u0161ou \u00fastrednou sobot\u0148aj\u0161ou t\u00e9mou. Komunikovali sme aj o\u00a0tom, \u017ee tak ako nevesty Orpa a\u00a0R\u00fat so svokrou No\u00e9mi mali vr\u00facny vz\u0165ah. <\/p>\n\n\n\n<figure class=\"wp-block-image size-large is-resized\"><img loading=\"lazy\" decoding=\"async\" width=\"1024\" height=\"768\" src=\"https:\/\/www.carmel.sk\/biblicketabory\/wp-content\/uploads\/2024\/02\/IMG_20240203_091142-1024x768.jpg\" alt=\"\" class=\"wp-image-270\" style=\"width:728px;height:auto\" srcset=\"https:\/\/www.carmel.sk\/biblicketabory\/wp-content\/uploads\/2024\/02\/IMG_20240203_091142-1024x768.jpg 1024w, https:\/\/www.carmel.sk\/biblicketabory\/wp-content\/uploads\/2024\/02\/IMG_20240203_091142-300x225.jpg 300w, https:\/\/www.carmel.sk\/biblicketabory\/wp-content\/uploads\/2024\/02\/IMG_20240203_091142-768x576.jpg 768w, https:\/\/www.carmel.sk\/biblicketabory\/wp-content\/uploads\/2024\/02\/IMG_20240203_091142-1536x1152.jpg 1536w, https:\/\/www.carmel.sk\/biblicketabory\/wp-content\/uploads\/2024\/02\/IMG_20240203_091142-2048x1536.jpg 2048w\" sizes=\"auto, (max-width: 1024px) 100vw, 1024px\" \/><\/figure>\n\n\n\n<p>A\u00a0\u010do sa dialo v biblickom pr\u00edbehu z knihy R\u00fat \u010falej sa dozviete u\u017e o p\u00e1r mesiacov na letnom biblickom t\u00e1bore na Borde v oblasti Ko\u0161ick\u00fd Kle\u010denov. <\/p>\n\n\n\n<p>Ver\u00edme, \u017ee sa tam vid\u00edme a\u00a0u\u017e teraz sa na v\u00e1s v\u0161etk\u00fdch te\u0161\u00edme!<\/p>\n","protected":false},"excerpt":{"rendered":"<p>Ak ste sa sami niekedy z\u00fa\u010dastnili nejak\u00e9ho t\u00e1bora, tak iste viete, \u017ee dobr\u00fd letn\u00fd t\u00e1bor je viac ako len z\u00e1bavn\u00fdm miestom pre deti. M\u00f4\u017ee by\u0165 u\u017eito\u010dn\u00fd vo viacer\u00fdch smeroch. Na\u0161im d\u00f4vodom, pre\u010do letn\u00e9 biblick\u00e9 t\u00e1bory na Borde rob\u00edme je, \u017ee sa sna\u017e\u00edme de\u0165om pribl\u00ed\u017ei\u0165 pr\u00edbehy a\u00a0postavy z\u00a0Biblie, chceme im rozpr\u00e1va\u0165 o\u00a0P\u00e1nu Bohu. Druh\u00fd t\u00e1borov\u00fd t\u00edm [&hellip;]<\/p>\n","protected":false},"author":2,"featured_media":273,"comment_status":"open","ping_status":"open","sticky":false,"template":"","format":"standard","meta":{"_monsterinsights_skip_tracking":false,"_monsterinsights_sitenote_active":false,"_monsterinsights_sitenote_note":"","_monsterinsights_sitenote_category":0,"footnotes":""},"categories":[1],"tags":[],"class_list":["post-267","post","type-post","status-publish","format-standard","has-post-thumbnail","hentry","category-nezaradene"],"yoast_head":"<!-- This site is optimized with the Yoast SEO plugin v27.3 - https:\/\/yoast.com\/product\/yoast-seo-wordpress\/ -->\n<title>2. T\u00e1borov\u00fd t\u00edm pre t\u00e1bory 2024 - Se\u010dovce www.carmel.sk\/biblicketabory - Biblick\u00e9 t\u00e1bory na Borde<\/title>\n<meta name=\"robots\" content=\"index, follow, max-snippet:-1, max-image-preview:large, max-video-preview:-1\" \/>\n<link rel=\"canonical\" href=\"https:\/\/www.carmel.sk\/biblicketabory\/index.php\/2024\/02\/12\/1-taborovy-tim-pre-tabory-2024-secovce-2\/\" \/>\n<meta property=\"og:locale\" content=\"sk_SK\" \/>\n<meta property=\"og:type\" content=\"article\" \/>\n<meta property=\"og:title\" content=\"2. T\u00e1borov\u00fd t\u00edm pre t\u00e1bory 2024 - Se\u010dovce www.carmel.sk\/biblicketabory - Biblick\u00e9 t\u00e1bory na Borde\" \/>\n<meta property=\"og:description\" content=\"Ak ste sa sami niekedy z\u00fa\u010dastnili nejak\u00e9ho t\u00e1bora, tak iste viete, \u017ee dobr\u00fd letn\u00fd t\u00e1bor je viac ako len z\u00e1bavn\u00fdm miestom pre deti. M\u00f4\u017ee by\u0165 u\u017eito\u010dn\u00fd vo viacer\u00fdch smeroch. Na\u0161im d\u00f4vodom, pre\u010do letn\u00e9 biblick\u00e9 t\u00e1bory na Borde rob\u00edme je, \u017ee sa sna\u017e\u00edme de\u0165om pribl\u00ed\u017ei\u0165 pr\u00edbehy a\u00a0postavy z\u00a0Biblie, chceme im rozpr\u00e1va\u0165 o\u00a0P\u00e1nu Bohu. Druh\u00fd t\u00e1borov\u00fd t\u00edm [&hellip;]\" \/>\n<meta property=\"og:url\" content=\"https:\/\/www.carmel.sk\/biblicketabory\/index.php\/2024\/02\/12\/1-taborovy-tim-pre-tabory-2024-secovce-2\/\" \/>\n<meta property=\"og:site_name\" content=\"Biblick\u00e9 t\u00e1bory na Borde\" \/>\n<meta property=\"article:published_time\" content=\"2024-02-12T19:24:07+00:00\" \/>\n<meta property=\"article:modified_time\" content=\"2024-02-12T19:26:20+00:00\" \/>\n<meta property=\"og:image\" content=\"https:\/\/www.carmel.sk\/biblicketabory\/wp-content\/uploads\/2024\/02\/IMG_20240203_091031-2-scaled.jpg\" \/>\n\t<meta property=\"og:image:width\" content=\"2560\" \/>\n\t<meta property=\"og:image:height\" content=\"1920\" \/>\n\t<meta property=\"og:image:type\" content=\"image\/jpeg\" \/>\n<meta name=\"author\" content=\"Kika Marcinkov\u00e1\" \/>\n<meta name=\"twitter:card\" content=\"summary_large_image\" \/>\n<meta name=\"twitter:label1\" content=\"Autor\" \/>\n\t<meta name=\"twitter:data1\" content=\"Kika Marcinkov\u00e1\" \/>\n\t<meta name=\"twitter:label2\" content=\"Predpokladan\u00fd \u010das \u010d\u00edtania\" \/>\n\t<meta name=\"twitter:data2\" content=\"1 min\u00fata\" \/>\n<script type=\"application\/ld+json\" class=\"yoast-schema-graph\">{\"@context\":\"https:\\\/\\\/schema.org\",\"@graph\":[{\"@type\":\"Article\",\"@id\":\"https:\\\/\\\/www.carmel.sk\\\/biblicketabory\\\/index.php\\\/2024\\\/02\\\/12\\\/1-taborovy-tim-pre-tabory-2024-secovce-2\\\/#article\",\"isPartOf\":{\"@id\":\"https:\\\/\\\/www.carmel.sk\\\/biblicketabory\\\/index.php\\\/2024\\\/02\\\/12\\\/1-taborovy-tim-pre-tabory-2024-secovce-2\\\/\"},\"author\":{\"name\":\"Kika Marcinkov\u00e1\",\"@id\":\"https:\\\/\\\/www.carmel.sk\\\/biblicketabory\\\/#\\\/schema\\\/person\\\/63b87ad355fe679f6911f9e9d61c986b\"},\"headline\":\"2. t\u00e1borov\u00fd t\u00edm pre t\u00e1bory 2024 &#8211; Se\u010dovce\",\"datePublished\":\"2024-02-12T19:24:07+00:00\",\"dateModified\":\"2024-02-12T19:26:20+00:00\",\"mainEntityOfPage\":{\"@id\":\"https:\\\/\\\/www.carmel.sk\\\/biblicketabory\\\/index.php\\\/2024\\\/02\\\/12\\\/1-taborovy-tim-pre-tabory-2024-secovce-2\\\/\"},\"wordCount\":250,\"commentCount\":0,\"image\":{\"@id\":\"https:\\\/\\\/www.carmel.sk\\\/biblicketabory\\\/index.php\\\/2024\\\/02\\\/12\\\/1-taborovy-tim-pre-tabory-2024-secovce-2\\\/#primaryimage\"},\"thumbnailUrl\":\"https:\\\/\\\/www.carmel.sk\\\/biblicketabory\\\/wp-content\\\/uploads\\\/2024\\\/02\\\/IMG_20240203_091031-2-scaled.jpg\",\"inLanguage\":\"sk-SK\",\"potentialAction\":[{\"@type\":\"CommentAction\",\"name\":\"Comment\",\"target\":[\"https:\\\/\\\/www.carmel.sk\\\/biblicketabory\\\/index.php\\\/2024\\\/02\\\/12\\\/1-taborovy-tim-pre-tabory-2024-secovce-2\\\/#respond\"]}]},{\"@type\":\"WebPage\",\"@id\":\"https:\\\/\\\/www.carmel.sk\\\/biblicketabory\\\/index.php\\\/2024\\\/02\\\/12\\\/1-taborovy-tim-pre-tabory-2024-secovce-2\\\/\",\"url\":\"https:\\\/\\\/www.carmel.sk\\\/biblicketabory\\\/index.php\\\/2024\\\/02\\\/12\\\/1-taborovy-tim-pre-tabory-2024-secovce-2\\\/\",\"name\":\"2. T\u00e1borov\u00fd t\u00edm pre t\u00e1bory 2024 - Se\u010dovce www.carmel.sk\\\/biblicketabory - Biblick\u00e9 t\u00e1bory na Borde\",\"isPartOf\":{\"@id\":\"https:\\\/\\\/www.carmel.sk\\\/biblicketabory\\\/#website\"},\"primaryImageOfPage\":{\"@id\":\"https:\\\/\\\/www.carmel.sk\\\/biblicketabory\\\/index.php\\\/2024\\\/02\\\/12\\\/1-taborovy-tim-pre-tabory-2024-secovce-2\\\/#primaryimage\"},\"image\":{\"@id\":\"https:\\\/\\\/www.carmel.sk\\\/biblicketabory\\\/index.php\\\/2024\\\/02\\\/12\\\/1-taborovy-tim-pre-tabory-2024-secovce-2\\\/#primaryimage\"},\"thumbnailUrl\":\"https:\\\/\\\/www.carmel.sk\\\/biblicketabory\\\/wp-content\\\/uploads\\\/2024\\\/02\\\/IMG_20240203_091031-2-scaled.jpg\",\"datePublished\":\"2024-02-12T19:24:07+00:00\",\"dateModified\":\"2024-02-12T19:26:20+00:00\",\"author\":{\"@id\":\"https:\\\/\\\/www.carmel.sk\\\/biblicketabory\\\/#\\\/schema\\\/person\\\/63b87ad355fe679f6911f9e9d61c986b\"},\"breadcrumb\":{\"@id\":\"https:\\\/\\\/www.carmel.sk\\\/biblicketabory\\\/index.php\\\/2024\\\/02\\\/12\\\/1-taborovy-tim-pre-tabory-2024-secovce-2\\\/#breadcrumb\"},\"inLanguage\":\"sk-SK\",\"potentialAction\":[{\"@type\":\"ReadAction\",\"target\":[\"https:\\\/\\\/www.carmel.sk\\\/biblicketabory\\\/index.php\\\/2024\\\/02\\\/12\\\/1-taborovy-tim-pre-tabory-2024-secovce-2\\\/\"]}]},{\"@type\":\"ImageObject\",\"inLanguage\":\"sk-SK\",\"@id\":\"https:\\\/\\\/www.carmel.sk\\\/biblicketabory\\\/index.php\\\/2024\\\/02\\\/12\\\/1-taborovy-tim-pre-tabory-2024-secovce-2\\\/#primaryimage\",\"url\":\"https:\\\/\\\/www.carmel.sk\\\/biblicketabory\\\/wp-content\\\/uploads\\\/2024\\\/02\\\/IMG_20240203_091031-2-scaled.jpg\",\"contentUrl\":\"https:\\\/\\\/www.carmel.sk\\\/biblicketabory\\\/wp-content\\\/uploads\\\/2024\\\/02\\\/IMG_20240203_091031-2-scaled.jpg\",\"width\":2560,\"height\":1920},{\"@type\":\"BreadcrumbList\",\"@id\":\"https:\\\/\\\/www.carmel.sk\\\/biblicketabory\\\/index.php\\\/2024\\\/02\\\/12\\\/1-taborovy-tim-pre-tabory-2024-secovce-2\\\/#breadcrumb\",\"itemListElement\":[{\"@type\":\"ListItem\",\"position\":1,\"name\":\"Home\",\"item\":\"https:\\\/\\\/www.carmel.sk\\\/biblicketabory\\\/\"},{\"@type\":\"ListItem\",\"position\":2,\"name\":\"2. t\u00e1borov\u00fd t\u00edm pre t\u00e1bory 2024 &#8211; Se\u010dovce\"}]},{\"@type\":\"WebSite\",\"@id\":\"https:\\\/\\\/www.carmel.sk\\\/biblicketabory\\\/#website\",\"url\":\"https:\\\/\\\/www.carmel.sk\\\/biblicketabory\\\/\",\"name\":\"Biblick\u00e9 t\u00e1bory na Borde\",\"description\":\"\",\"potentialAction\":[{\"@type\":\"SearchAction\",\"target\":{\"@type\":\"EntryPoint\",\"urlTemplate\":\"https:\\\/\\\/www.carmel.sk\\\/biblicketabory\\\/?s={search_term_string}\"},\"query-input\":{\"@type\":\"PropertyValueSpecification\",\"valueRequired\":true,\"valueName\":\"search_term_string\"}}],\"inLanguage\":\"sk-SK\"},{\"@type\":\"Person\",\"@id\":\"https:\\\/\\\/www.carmel.sk\\\/biblicketabory\\\/#\\\/schema\\\/person\\\/63b87ad355fe679f6911f9e9d61c986b\",\"name\":\"Kika Marcinkov\u00e1\",\"image\":{\"@type\":\"ImageObject\",\"inLanguage\":\"sk-SK\",\"@id\":\"https:\\\/\\\/secure.gravatar.com\\\/avatar\\\/f9770cb25588c0b720eeee6072ce62715c196f752e5bb34c2b57e07b343c0326?s=96&d=mm&r=g\",\"url\":\"https:\\\/\\\/secure.gravatar.com\\\/avatar\\\/f9770cb25588c0b720eeee6072ce62715c196f752e5bb34c2b57e07b343c0326?s=96&d=mm&r=g\",\"contentUrl\":\"https:\\\/\\\/secure.gravatar.com\\\/avatar\\\/f9770cb25588c0b720eeee6072ce62715c196f752e5bb34c2b57e07b343c0326?s=96&d=mm&r=g\",\"caption\":\"Kika Marcinkov\u00e1\"},\"url\":\"https:\\\/\\\/www.carmel.sk\\\/biblicketabory\\\/index.php\\\/author\\\/kika\\\/\"}]}<\/script>\n<!-- \/ Yoast SEO plugin. -->","yoast_head_json":{"title":"2. T\u00e1borov\u00fd t\u00edm pre t\u00e1bory 2024 - Se\u010dovce www.carmel.sk\/biblicketabory - Biblick\u00e9 t\u00e1bory na Borde","robots":{"index":"index","follow":"follow","max-snippet":"max-snippet:-1","max-image-preview":"max-image-preview:large","max-video-preview":"max-video-preview:-1"},"canonical":"https:\/\/www.carmel.sk\/biblicketabory\/index.php\/2024\/02\/12\/1-taborovy-tim-pre-tabory-2024-secovce-2\/","og_locale":"sk_SK","og_type":"article","og_title":"2. T\u00e1borov\u00fd t\u00edm pre t\u00e1bory 2024 - Se\u010dovce www.carmel.sk\/biblicketabory - Biblick\u00e9 t\u00e1bory na Borde","og_description":"Ak ste sa sami niekedy z\u00fa\u010dastnili nejak\u00e9ho t\u00e1bora, tak iste viete, \u017ee dobr\u00fd letn\u00fd t\u00e1bor je viac ako len z\u00e1bavn\u00fdm miestom pre deti. M\u00f4\u017ee by\u0165 u\u017eito\u010dn\u00fd vo viacer\u00fdch smeroch. Na\u0161im d\u00f4vodom, pre\u010do letn\u00e9 biblick\u00e9 t\u00e1bory na Borde rob\u00edme je, \u017ee sa sna\u017e\u00edme de\u0165om pribl\u00ed\u017ei\u0165 pr\u00edbehy a\u00a0postavy z\u00a0Biblie, chceme im rozpr\u00e1va\u0165 o\u00a0P\u00e1nu Bohu. Druh\u00fd t\u00e1borov\u00fd t\u00edm [&hellip;]","og_url":"https:\/\/www.carmel.sk\/biblicketabory\/index.php\/2024\/02\/12\/1-taborovy-tim-pre-tabory-2024-secovce-2\/","og_site_name":"Biblick\u00e9 t\u00e1bory na Borde","article_published_time":"2024-02-12T19:24:07+00:00","article_modified_time":"2024-02-12T19:26:20+00:00","og_image":[{"width":2560,"height":1920,"url":"https:\/\/www.carmel.sk\/biblicketabory\/wp-content\/uploads\/2024\/02\/IMG_20240203_091031-2-scaled.jpg","type":"image\/jpeg"}],"author":"Kika Marcinkov\u00e1","twitter_card":"summary_large_image","twitter_misc":{"Autor":"Kika Marcinkov\u00e1","Predpokladan\u00fd \u010das \u010d\u00edtania":"1 min\u00fata"},"schema":{"@context":"https:\/\/schema.org","@graph":[{"@type":"Article","@id":"https:\/\/www.carmel.sk\/biblicketabory\/index.php\/2024\/02\/12\/1-taborovy-tim-pre-tabory-2024-secovce-2\/#article","isPartOf":{"@id":"https:\/\/www.carmel.sk\/biblicketabory\/index.php\/2024\/02\/12\/1-taborovy-tim-pre-tabory-2024-secovce-2\/"},"author":{"name":"Kika Marcinkov\u00e1","@id":"https:\/\/www.carmel.sk\/biblicketabory\/#\/schema\/person\/63b87ad355fe679f6911f9e9d61c986b"},"headline":"2. t\u00e1borov\u00fd t\u00edm pre t\u00e1bory 2024 &#8211; Se\u010dovce","datePublished":"2024-02-12T19:24:07+00:00","dateModified":"2024-02-12T19:26:20+00:00","mainEntityOfPage":{"@id":"https:\/\/www.carmel.sk\/biblicketabory\/index.php\/2024\/02\/12\/1-taborovy-tim-pre-tabory-2024-secovce-2\/"},"wordCount":250,"commentCount":0,"image":{"@id":"https:\/\/www.carmel.sk\/biblicketabory\/index.php\/2024\/02\/12\/1-taborovy-tim-pre-tabory-2024-secovce-2\/#primaryimage"},"thumbnailUrl":"https:\/\/www.carmel.sk\/biblicketabory\/wp-content\/uploads\/2024\/02\/IMG_20240203_091031-2-scaled.jpg","inLanguage":"sk-SK","potentialAction":[{"@type":"CommentAction","name":"Comment","target":["https:\/\/www.carmel.sk\/biblicketabory\/index.php\/2024\/02\/12\/1-taborovy-tim-pre-tabory-2024-secovce-2\/#respond"]}]},{"@type":"WebPage","@id":"https:\/\/www.carmel.sk\/biblicketabory\/index.php\/2024\/02\/12\/1-taborovy-tim-pre-tabory-2024-secovce-2\/","url":"https:\/\/www.carmel.sk\/biblicketabory\/index.php\/2024\/02\/12\/1-taborovy-tim-pre-tabory-2024-secovce-2\/","name":"2. T\u00e1borov\u00fd t\u00edm pre t\u00e1bory 2024 - Se\u010dovce www.carmel.sk\/biblicketabory - Biblick\u00e9 t\u00e1bory na Borde","isPartOf":{"@id":"https:\/\/www.carmel.sk\/biblicketabory\/#website"},"primaryImageOfPage":{"@id":"https:\/\/www.carmel.sk\/biblicketabory\/index.php\/2024\/02\/12\/1-taborovy-tim-pre-tabory-2024-secovce-2\/#primaryimage"},"image":{"@id":"https:\/\/www.carmel.sk\/biblicketabory\/index.php\/2024\/02\/12\/1-taborovy-tim-pre-tabory-2024-secovce-2\/#primaryimage"},"thumbnailUrl":"https:\/\/www.carmel.sk\/biblicketabory\/wp-content\/uploads\/2024\/02\/IMG_20240203_091031-2-scaled.jpg","datePublished":"2024-02-12T19:24:07+00:00","dateModified":"2024-02-12T19:26:20+00:00","author":{"@id":"https:\/\/www.carmel.sk\/biblicketabory\/#\/schema\/person\/63b87ad355fe679f6911f9e9d61c986b"},"breadcrumb":{"@id":"https:\/\/www.carmel.sk\/biblicketabory\/index.php\/2024\/02\/12\/1-taborovy-tim-pre-tabory-2024-secovce-2\/#breadcrumb"},"inLanguage":"sk-SK","potentialAction":[{"@type":"ReadAction","target":["https:\/\/www.carmel.sk\/biblicketabory\/index.php\/2024\/02\/12\/1-taborovy-tim-pre-tabory-2024-secovce-2\/"]}]},{"@type":"ImageObject","inLanguage":"sk-SK","@id":"https:\/\/www.carmel.sk\/biblicketabory\/index.php\/2024\/02\/12\/1-taborovy-tim-pre-tabory-2024-secovce-2\/#primaryimage","url":"https:\/\/www.carmel.sk\/biblicketabory\/wp-content\/uploads\/2024\/02\/IMG_20240203_091031-2-scaled.jpg","contentUrl":"https:\/\/www.carmel.sk\/biblicketabory\/wp-content\/uploads\/2024\/02\/IMG_20240203_091031-2-scaled.jpg","width":2560,"height":1920},{"@type":"BreadcrumbList","@id":"https:\/\/www.carmel.sk\/biblicketabory\/index.php\/2024\/02\/12\/1-taborovy-tim-pre-tabory-2024-secovce-2\/#breadcrumb","itemListElement":[{"@type":"ListItem","position":1,"name":"Home","item":"https:\/\/www.carmel.sk\/biblicketabory\/"},{"@type":"ListItem","position":2,"name":"2. t\u00e1borov\u00fd t\u00edm pre t\u00e1bory 2024 &#8211; Se\u010dovce"}]},{"@type":"WebSite","@id":"https:\/\/www.carmel.sk\/biblicketabory\/#website","url":"https:\/\/www.carmel.sk\/biblicketabory\/","name":"Biblick\u00e9 t\u00e1bory na Borde","description":"","potentialAction":[{"@type":"SearchAction","target":{"@type":"EntryPoint","urlTemplate":"https:\/\/www.carmel.sk\/biblicketabory\/?s={search_term_string}"},"query-input":{"@type":"PropertyValueSpecification","valueRequired":true,"valueName":"search_term_string"}}],"inLanguage":"sk-SK"},{"@type":"Person","@id":"https:\/\/www.carmel.sk\/biblicketabory\/#\/schema\/person\/63b87ad355fe679f6911f9e9d61c986b","name":"Kika Marcinkov\u00e1","image":{"@type":"ImageObject","inLanguage":"sk-SK","@id":"https:\/\/secure.gravatar.com\/avatar\/f9770cb25588c0b720eeee6072ce62715c196f752e5bb34c2b57e07b343c0326?s=96&d=mm&r=g","url":"https:\/\/secure.gravatar.com\/avatar\/f9770cb25588c0b720eeee6072ce62715c196f752e5bb34c2b57e07b343c0326?s=96&d=mm&r=g","contentUrl":"https:\/\/secure.gravatar.com\/avatar\/f9770cb25588c0b720eeee6072ce62715c196f752e5bb34c2b57e07b343c0326?s=96&d=mm&r=g","caption":"Kika Marcinkov\u00e1"},"url":"https:\/\/www.carmel.sk\/biblicketabory\/index.php\/author\/kika\/"}]}},"_links":{"self":[{"href":"https:\/\/www.carmel.sk\/biblicketabory\/index.php\/wp-json\/wp\/v2\/posts\/267","targetHints":{"allow":["GET"]}}],"collection":[{"href":"https:\/\/www.carmel.sk\/biblicketabory\/index.php\/wp-json\/wp\/v2\/posts"}],"about":[{"href":"https:\/\/www.carmel.sk\/biblicketabory\/index.php\/wp-json\/wp\/v2\/types\/post"}],"author":[{"embeddable":true,"href":"https:\/\/www.carmel.sk\/biblicketabory\/index.php\/wp-json\/wp\/v2\/users\/2"}],"replies":[{"embeddable":true,"href":"https:\/\/www.carmel.sk\/biblicketabory\/index.php\/wp-json\/wp\/v2\/comments?post=267"}],"version-history":[{"count":2,"href":"https:\/\/www.carmel.sk\/biblicketabory\/index.php\/wp-json\/wp\/v2\/posts\/267\/revisions"}],"predecessor-version":[{"id":272,"href":"https:\/\/www.carmel.sk\/biblicketabory\/index.php\/wp-json\/wp\/v2\/posts\/267\/revisions\/272"}],"wp:featuredmedia":[{"embeddable":true,"href":"https:\/\/www.carmel.sk\/biblicketabory\/index.php\/wp-json\/wp\/v2\/media\/273"}],"wp:attachment":[{"href":"https:\/\/www.carmel.sk\/biblicketabory\/index.php\/wp-json\/wp\/v2\/media?parent=267"}],"wp:term":[{"taxonomy":"category","embeddable":true,"href":"https:\/\/www.carmel.sk\/biblicketabory\/index.php\/wp-json\/wp\/v2\/categories?post=267"},{"taxonomy":"post_tag","embeddable":true,"href":"https:\/\/www.carmel.sk\/biblicketabory\/index.php\/wp-json\/wp\/v2\/tags?post=267"}],"curies":[{"name":"wp","href":"https:\/\/api.w.org\/{rel}","templated":true}]}}