{"id":255,"date":"2024-01-17T12:27:18","date_gmt":"2024-01-17T11:27:18","guid":{"rendered":"https:\/\/www.carmel.sk\/biblicketabory\/?p=255"},"modified":"2024-01-17T12:28:39","modified_gmt":"2024-01-17T11:28:39","slug":"1-taborovy-tim-pre-tabory-2024-secovce","status":"publish","type":"post","link":"https:\/\/www.carmel.sk\/biblicketabory\/index.php\/2024\/01\/17\/1-taborovy-tim-pre-tabory-2024-secovce\/","title":{"rendered":"1. T\u00e1borov\u00fd t\u00edm pre t\u00e1bory 2024 &#8211; Se\u010dovce"},"content":{"rendered":"\n<p>V\u00a0novom \u0161kolskom roku 2023\/2024 znovu s\u00a0ved\u00facimi a\u00a0pomocn\u00fdmi ved\u00facimi nezah\u00e1\u013eame v\u00a0pr\u00edprav\u00e1ch na na\u0161e letn\u00e9 biblick\u00e9 t\u00e1bory. <\/p>\n\n\n\n<p>Stretli sme sa na prvom t\u00e1borovom t\u00edme 11. novembra 2023, t. j. v\u00a0sobotu, v\u00a0Carmel kaviarni v\u00a0Se\u010dovciach, aby sme za\u010dali s\u00a0pr\u00edpravami na t\u00e1bory v\u00a0roku 2024. Mysl\u00edte, \u017ee to je skoro? V\u00f4bec nie. <\/p>\n\n\n\n<p>V\u00a0kaviarni sa zoskupilo 20 dobrovo\u013en\u00edkov, ktor\u00ed rok \u010do rok pom\u00e1haj\u00fa s\u00a0letn\u00fdmi biblick\u00fdmi t\u00e1bormi na chate Borda v\u00a0oblasti Ko\u0161ick\u00fd Kle\u010denov.<\/p>\n\n\n\n<p>Tentokr\u00e1t sme rozoberali prv\u00fdch p\u00e4\u0165 ver\u0161ov z knihy R\u00fat. Pohybovali sme sa v\u00a0Betleheme a\u00a0na mo\u00e1bskych str\u00e1\u0148ach. Prem\u00fd\u0161\u013eali sme o\u00a0tom, \u010di vie \u010dlovek a Boh odpusti\u0165, ak by sme urobili nejak\u00e9 hriechy. Samozrejme, nejestvuje \u010dlovek bez hriechu, ale vie \u010dlovek in\u00e9mu odpusti\u0165 tak jednoducho? Nie ka\u017ed\u00fd \u010dlovek to dok\u00e1\u017ee, ale Boh to vie. Man\u017eelia El\u00edmelech a\u00a0No\u00e9mi zohr\u00e1vaj\u00fa v\u00a0tomto pr\u00edbehu hlavn\u00fa \u00falohu spolu s\u00a0ich synmi Machl\u00f3nom a\u00a0Kilj\u00f3nom, ktor\u00ed sa o\u017eenia s\u00a0cudzinkami, ktor\u00e9 sa volali Orpa a R\u00fat, n\u00e1sledne zomiera No\u00e9min man\u017eel a\u00a0nesk\u00f4r aj obaja synovia. V\u00a0srdci No\u00e9mi panuje strata a\u00a0sm\u00fatok. Mu\u017e bol zodpovedn\u00fd za rodinu, preto bola aj jeho chyba, \u017ee dovolil synom vzia\u0165 si cudzinky. Mu\u017e velil, rozhodoval. Preto ke\u010f El\u00edmelech zomrel, Boh otvoril dvere a\u00a0velil prostredn\u00edctvom \u017eeny \u2013 No\u00e9mi.<\/p>\n\n\n\n<p>V\u00a0Biblii m\u00e1me mnoho mien, miest, ktor\u00fdm mo\u017eno nerozumieme. Pr\u00e1ve preto sme si aj v\u00a0t\u00fdchto piatich ver\u0161och rozobrali v\u00fdznam v\u0161etk\u00fdch mien a\u00a0miest, ktor\u00e9 sa tu nach\u00e1dzaj\u00fa a\u00a0nie je ich m\u00e1lo. No\u00e9mi znamen\u00e1 radostn\u00e1 a\u00a0\u013e\u00fabezn\u00e1, El\u00edmelech zase Bo\u017e\u00ed kr\u00e1\u013e. <\/p>\n\n\n\n<p>Zauj\u00edmav\u00e9. Viete aj vy, \u010do znamen\u00e1 Va\u0161e meno?<\/p>\n\n\n<div class=\"wp-block-image\">\n<figure class=\"aligncenter size-full\"><img loading=\"lazy\" decoding=\"async\" width=\"293\" height=\"296\" src=\"https:\/\/www.carmel.sk\/biblicketabory\/wp-content\/uploads\/2024\/01\/taborovy-tim.jpg\" alt=\"\" class=\"wp-image-256\"\/><\/figure>\n<\/div>","protected":false},"excerpt":{"rendered":"<p>V\u00a0novom \u0161kolskom roku 2023\/2024 znovu s\u00a0ved\u00facimi a\u00a0pomocn\u00fdmi ved\u00facimi nezah\u00e1\u013eame v\u00a0pr\u00edprav\u00e1ch na na\u0161e letn\u00e9 biblick\u00e9 t\u00e1bory. Stretli sme sa na prvom t\u00e1borovom t\u00edme 11. novembra 2023, t. j. v\u00a0sobotu, v\u00a0Carmel kaviarni v\u00a0Se\u010dovciach, aby sme za\u010dali s\u00a0pr\u00edpravami na t\u00e1bory v\u00a0roku 2024. Mysl\u00edte, \u017ee to je skoro? V\u00f4bec nie. V\u00a0kaviarni sa zoskupilo 20 dobrovo\u013en\u00edkov, ktor\u00ed rok \u010do rok [&hellip;]<\/p>\n","protected":false},"author":1,"featured_media":256,"comment_status":"open","ping_status":"open","sticky":false,"template":"","format":"standard","meta":{"_monsterinsights_skip_tracking":false,"_monsterinsights_sitenote_active":false,"_monsterinsights_sitenote_note":"","_monsterinsights_sitenote_category":0,"footnotes":""},"categories":[1],"tags":[],"class_list":["post-255","post","type-post","status-publish","format-standard","has-post-thumbnail","hentry","category-nezaradene"],"yoast_head":"<!-- This site is optimized with the Yoast SEO plugin v27.3 - https:\/\/yoast.com\/product\/yoast-seo-wordpress\/ -->\n<title>1. T\u00e1borov\u00fd t\u00edm pre t\u00e1bory 2024 - Se\u010dovce - Biblick\u00e9 t\u00e1bory na Borde<\/title>\n<meta name=\"robots\" content=\"index, follow, max-snippet:-1, max-image-preview:large, max-video-preview:-1\" \/>\n<link rel=\"canonical\" href=\"https:\/\/www.carmel.sk\/biblicketabory\/index.php\/2024\/01\/17\/1-taborovy-tim-pre-tabory-2024-secovce\/\" \/>\n<meta property=\"og:locale\" content=\"sk_SK\" \/>\n<meta property=\"og:type\" content=\"article\" \/>\n<meta property=\"og:title\" content=\"1. T\u00e1borov\u00fd t\u00edm pre t\u00e1bory 2024 - Se\u010dovce - Biblick\u00e9 t\u00e1bory na Borde\" \/>\n<meta property=\"og:description\" content=\"V\u00a0novom \u0161kolskom roku 2023\/2024 znovu s\u00a0ved\u00facimi a\u00a0pomocn\u00fdmi ved\u00facimi nezah\u00e1\u013eame v\u00a0pr\u00edprav\u00e1ch na na\u0161e letn\u00e9 biblick\u00e9 t\u00e1bory. Stretli sme sa na prvom t\u00e1borovom t\u00edme 11. novembra 2023, t. j. v\u00a0sobotu, v\u00a0Carmel kaviarni v\u00a0Se\u010dovciach, aby sme za\u010dali s\u00a0pr\u00edpravami na t\u00e1bory v\u00a0roku 2024. Mysl\u00edte, \u017ee to je skoro? V\u00f4bec nie. V\u00a0kaviarni sa zoskupilo 20 dobrovo\u013en\u00edkov, ktor\u00ed rok \u010do rok [&hellip;]\" \/>\n<meta property=\"og:url\" content=\"https:\/\/www.carmel.sk\/biblicketabory\/index.php\/2024\/01\/17\/1-taborovy-tim-pre-tabory-2024-secovce\/\" \/>\n<meta property=\"og:site_name\" content=\"Biblick\u00e9 t\u00e1bory na Borde\" \/>\n<meta property=\"article:published_time\" content=\"2024-01-17T11:27:18+00:00\" \/>\n<meta property=\"article:modified_time\" content=\"2024-01-17T11:28:39+00:00\" \/>\n<meta property=\"og:image\" content=\"https:\/\/www.carmel.sk\/biblicketabory\/wp-content\/uploads\/2024\/01\/taborovy-tim.jpg\" \/>\n\t<meta property=\"og:image:width\" content=\"293\" \/>\n\t<meta property=\"og:image:height\" content=\"296\" \/>\n\t<meta property=\"og:image:type\" content=\"image\/jpeg\" \/>\n<meta name=\"author\" content=\"admin\" \/>\n<meta name=\"twitter:card\" content=\"summary_large_image\" \/>\n<meta name=\"twitter:label1\" content=\"Autor\" \/>\n\t<meta name=\"twitter:data1\" content=\"admin\" \/>\n\t<meta name=\"twitter:label2\" content=\"Predpokladan\u00fd \u010das \u010d\u00edtania\" \/>\n\t<meta name=\"twitter:data2\" content=\"2 min\u00faty\" \/>\n<script type=\"application\/ld+json\" class=\"yoast-schema-graph\">{\"@context\":\"https:\\\/\\\/schema.org\",\"@graph\":[{\"@type\":\"Article\",\"@id\":\"https:\\\/\\\/www.carmel.sk\\\/biblicketabory\\\/index.php\\\/2024\\\/01\\\/17\\\/1-taborovy-tim-pre-tabory-2024-secovce\\\/#article\",\"isPartOf\":{\"@id\":\"https:\\\/\\\/www.carmel.sk\\\/biblicketabory\\\/index.php\\\/2024\\\/01\\\/17\\\/1-taborovy-tim-pre-tabory-2024-secovce\\\/\"},\"author\":{\"name\":\"admin\",\"@id\":\"https:\\\/\\\/www.carmel.sk\\\/biblicketabory\\\/#\\\/schema\\\/person\\\/1be769526dd3168e919ac291934515e0\"},\"headline\":\"1. T\u00e1borov\u00fd t\u00edm pre t\u00e1bory 2024 &#8211; Se\u010dovce\",\"datePublished\":\"2024-01-17T11:27:18+00:00\",\"dateModified\":\"2024-01-17T11:28:39+00:00\",\"mainEntityOfPage\":{\"@id\":\"https:\\\/\\\/www.carmel.sk\\\/biblicketabory\\\/index.php\\\/2024\\\/01\\\/17\\\/1-taborovy-tim-pre-tabory-2024-secovce\\\/\"},\"wordCount\":329,\"commentCount\":0,\"image\":{\"@id\":\"https:\\\/\\\/www.carmel.sk\\\/biblicketabory\\\/index.php\\\/2024\\\/01\\\/17\\\/1-taborovy-tim-pre-tabory-2024-secovce\\\/#primaryimage\"},\"thumbnailUrl\":\"https:\\\/\\\/www.carmel.sk\\\/biblicketabory\\\/wp-content\\\/uploads\\\/2024\\\/01\\\/taborovy-tim.jpg\",\"inLanguage\":\"sk-SK\",\"potentialAction\":[{\"@type\":\"CommentAction\",\"name\":\"Comment\",\"target\":[\"https:\\\/\\\/www.carmel.sk\\\/biblicketabory\\\/index.php\\\/2024\\\/01\\\/17\\\/1-taborovy-tim-pre-tabory-2024-secovce\\\/#respond\"]}]},{\"@type\":\"WebPage\",\"@id\":\"https:\\\/\\\/www.carmel.sk\\\/biblicketabory\\\/index.php\\\/2024\\\/01\\\/17\\\/1-taborovy-tim-pre-tabory-2024-secovce\\\/\",\"url\":\"https:\\\/\\\/www.carmel.sk\\\/biblicketabory\\\/index.php\\\/2024\\\/01\\\/17\\\/1-taborovy-tim-pre-tabory-2024-secovce\\\/\",\"name\":\"1. T\u00e1borov\u00fd t\u00edm pre t\u00e1bory 2024 - Se\u010dovce - Biblick\u00e9 t\u00e1bory na Borde\",\"isPartOf\":{\"@id\":\"https:\\\/\\\/www.carmel.sk\\\/biblicketabory\\\/#website\"},\"primaryImageOfPage\":{\"@id\":\"https:\\\/\\\/www.carmel.sk\\\/biblicketabory\\\/index.php\\\/2024\\\/01\\\/17\\\/1-taborovy-tim-pre-tabory-2024-secovce\\\/#primaryimage\"},\"image\":{\"@id\":\"https:\\\/\\\/www.carmel.sk\\\/biblicketabory\\\/index.php\\\/2024\\\/01\\\/17\\\/1-taborovy-tim-pre-tabory-2024-secovce\\\/#primaryimage\"},\"thumbnailUrl\":\"https:\\\/\\\/www.carmel.sk\\\/biblicketabory\\\/wp-content\\\/uploads\\\/2024\\\/01\\\/taborovy-tim.jpg\",\"datePublished\":\"2024-01-17T11:27:18+00:00\",\"dateModified\":\"2024-01-17T11:28:39+00:00\",\"author\":{\"@id\":\"https:\\\/\\\/www.carmel.sk\\\/biblicketabory\\\/#\\\/schema\\\/person\\\/1be769526dd3168e919ac291934515e0\"},\"breadcrumb\":{\"@id\":\"https:\\\/\\\/www.carmel.sk\\\/biblicketabory\\\/index.php\\\/2024\\\/01\\\/17\\\/1-taborovy-tim-pre-tabory-2024-secovce\\\/#breadcrumb\"},\"inLanguage\":\"sk-SK\",\"potentialAction\":[{\"@type\":\"ReadAction\",\"target\":[\"https:\\\/\\\/www.carmel.sk\\\/biblicketabory\\\/index.php\\\/2024\\\/01\\\/17\\\/1-taborovy-tim-pre-tabory-2024-secovce\\\/\"]}]},{\"@type\":\"ImageObject\",\"inLanguage\":\"sk-SK\",\"@id\":\"https:\\\/\\\/www.carmel.sk\\\/biblicketabory\\\/index.php\\\/2024\\\/01\\\/17\\\/1-taborovy-tim-pre-tabory-2024-secovce\\\/#primaryimage\",\"url\":\"https:\\\/\\\/www.carmel.sk\\\/biblicketabory\\\/wp-content\\\/uploads\\\/2024\\\/01\\\/taborovy-tim.jpg\",\"contentUrl\":\"https:\\\/\\\/www.carmel.sk\\\/biblicketabory\\\/wp-content\\\/uploads\\\/2024\\\/01\\\/taborovy-tim.jpg\",\"width\":293,\"height\":296},{\"@type\":\"BreadcrumbList\",\"@id\":\"https:\\\/\\\/www.carmel.sk\\\/biblicketabory\\\/index.php\\\/2024\\\/01\\\/17\\\/1-taborovy-tim-pre-tabory-2024-secovce\\\/#breadcrumb\",\"itemListElement\":[{\"@type\":\"ListItem\",\"position\":1,\"name\":\"Home\",\"item\":\"https:\\\/\\\/www.carmel.sk\\\/biblicketabory\\\/\"},{\"@type\":\"ListItem\",\"position\":2,\"name\":\"1. T\u00e1borov\u00fd t\u00edm pre t\u00e1bory 2024 &#8211; Se\u010dovce\"}]},{\"@type\":\"WebSite\",\"@id\":\"https:\\\/\\\/www.carmel.sk\\\/biblicketabory\\\/#website\",\"url\":\"https:\\\/\\\/www.carmel.sk\\\/biblicketabory\\\/\",\"name\":\"Biblick\u00e9 t\u00e1bory na Borde\",\"description\":\"\",\"potentialAction\":[{\"@type\":\"SearchAction\",\"target\":{\"@type\":\"EntryPoint\",\"urlTemplate\":\"https:\\\/\\\/www.carmel.sk\\\/biblicketabory\\\/?s={search_term_string}\"},\"query-input\":{\"@type\":\"PropertyValueSpecification\",\"valueRequired\":true,\"valueName\":\"search_term_string\"}}],\"inLanguage\":\"sk-SK\"},{\"@type\":\"Person\",\"@id\":\"https:\\\/\\\/www.carmel.sk\\\/biblicketabory\\\/#\\\/schema\\\/person\\\/1be769526dd3168e919ac291934515e0\",\"name\":\"admin\",\"image\":{\"@type\":\"ImageObject\",\"inLanguage\":\"sk-SK\",\"@id\":\"https:\\\/\\\/secure.gravatar.com\\\/avatar\\\/76765655c3c0fdd048ae6c8899d243400a415d89896434d1b6d8f9460ca1f413?s=96&d=mm&r=g\",\"url\":\"https:\\\/\\\/secure.gravatar.com\\\/avatar\\\/76765655c3c0fdd048ae6c8899d243400a415d89896434d1b6d8f9460ca1f413?s=96&d=mm&r=g\",\"contentUrl\":\"https:\\\/\\\/secure.gravatar.com\\\/avatar\\\/76765655c3c0fdd048ae6c8899d243400a415d89896434d1b6d8f9460ca1f413?s=96&d=mm&r=g\",\"caption\":\"admin\"},\"sameAs\":[\"https:\\\/\\\/www.carmel.sk\\\/biblicketabory\"],\"url\":\"https:\\\/\\\/www.carmel.sk\\\/biblicketabory\\\/index.php\\\/author\\\/admin\\\/\"}]}<\/script>\n<!-- \/ Yoast SEO plugin. -->","yoast_head_json":{"title":"1. T\u00e1borov\u00fd t\u00edm pre t\u00e1bory 2024 - Se\u010dovce - Biblick\u00e9 t\u00e1bory na Borde","robots":{"index":"index","follow":"follow","max-snippet":"max-snippet:-1","max-image-preview":"max-image-preview:large","max-video-preview":"max-video-preview:-1"},"canonical":"https:\/\/www.carmel.sk\/biblicketabory\/index.php\/2024\/01\/17\/1-taborovy-tim-pre-tabory-2024-secovce\/","og_locale":"sk_SK","og_type":"article","og_title":"1. T\u00e1borov\u00fd t\u00edm pre t\u00e1bory 2024 - Se\u010dovce - Biblick\u00e9 t\u00e1bory na Borde","og_description":"V\u00a0novom \u0161kolskom roku 2023\/2024 znovu s\u00a0ved\u00facimi a\u00a0pomocn\u00fdmi ved\u00facimi nezah\u00e1\u013eame v\u00a0pr\u00edprav\u00e1ch na na\u0161e letn\u00e9 biblick\u00e9 t\u00e1bory. Stretli sme sa na prvom t\u00e1borovom t\u00edme 11. novembra 2023, t. j. v\u00a0sobotu, v\u00a0Carmel kaviarni v\u00a0Se\u010dovciach, aby sme za\u010dali s\u00a0pr\u00edpravami na t\u00e1bory v\u00a0roku 2024. Mysl\u00edte, \u017ee to je skoro? V\u00f4bec nie. V\u00a0kaviarni sa zoskupilo 20 dobrovo\u013en\u00edkov, ktor\u00ed rok \u010do rok [&hellip;]","og_url":"https:\/\/www.carmel.sk\/biblicketabory\/index.php\/2024\/01\/17\/1-taborovy-tim-pre-tabory-2024-secovce\/","og_site_name":"Biblick\u00e9 t\u00e1bory na Borde","article_published_time":"2024-01-17T11:27:18+00:00","article_modified_time":"2024-01-17T11:28:39+00:00","og_image":[{"width":293,"height":296,"url":"https:\/\/www.carmel.sk\/biblicketabory\/wp-content\/uploads\/2024\/01\/taborovy-tim.jpg","type":"image\/jpeg"}],"author":"admin","twitter_card":"summary_large_image","twitter_misc":{"Autor":"admin","Predpokladan\u00fd \u010das \u010d\u00edtania":"2 min\u00faty"},"schema":{"@context":"https:\/\/schema.org","@graph":[{"@type":"Article","@id":"https:\/\/www.carmel.sk\/biblicketabory\/index.php\/2024\/01\/17\/1-taborovy-tim-pre-tabory-2024-secovce\/#article","isPartOf":{"@id":"https:\/\/www.carmel.sk\/biblicketabory\/index.php\/2024\/01\/17\/1-taborovy-tim-pre-tabory-2024-secovce\/"},"author":{"name":"admin","@id":"https:\/\/www.carmel.sk\/biblicketabory\/#\/schema\/person\/1be769526dd3168e919ac291934515e0"},"headline":"1. T\u00e1borov\u00fd t\u00edm pre t\u00e1bory 2024 &#8211; Se\u010dovce","datePublished":"2024-01-17T11:27:18+00:00","dateModified":"2024-01-17T11:28:39+00:00","mainEntityOfPage":{"@id":"https:\/\/www.carmel.sk\/biblicketabory\/index.php\/2024\/01\/17\/1-taborovy-tim-pre-tabory-2024-secovce\/"},"wordCount":329,"commentCount":0,"image":{"@id":"https:\/\/www.carmel.sk\/biblicketabory\/index.php\/2024\/01\/17\/1-taborovy-tim-pre-tabory-2024-secovce\/#primaryimage"},"thumbnailUrl":"https:\/\/www.carmel.sk\/biblicketabory\/wp-content\/uploads\/2024\/01\/taborovy-tim.jpg","inLanguage":"sk-SK","potentialAction":[{"@type":"CommentAction","name":"Comment","target":["https:\/\/www.carmel.sk\/biblicketabory\/index.php\/2024\/01\/17\/1-taborovy-tim-pre-tabory-2024-secovce\/#respond"]}]},{"@type":"WebPage","@id":"https:\/\/www.carmel.sk\/biblicketabory\/index.php\/2024\/01\/17\/1-taborovy-tim-pre-tabory-2024-secovce\/","url":"https:\/\/www.carmel.sk\/biblicketabory\/index.php\/2024\/01\/17\/1-taborovy-tim-pre-tabory-2024-secovce\/","name":"1. T\u00e1borov\u00fd t\u00edm pre t\u00e1bory 2024 - Se\u010dovce - Biblick\u00e9 t\u00e1bory na Borde","isPartOf":{"@id":"https:\/\/www.carmel.sk\/biblicketabory\/#website"},"primaryImageOfPage":{"@id":"https:\/\/www.carmel.sk\/biblicketabory\/index.php\/2024\/01\/17\/1-taborovy-tim-pre-tabory-2024-secovce\/#primaryimage"},"image":{"@id":"https:\/\/www.carmel.sk\/biblicketabory\/index.php\/2024\/01\/17\/1-taborovy-tim-pre-tabory-2024-secovce\/#primaryimage"},"thumbnailUrl":"https:\/\/www.carmel.sk\/biblicketabory\/wp-content\/uploads\/2024\/01\/taborovy-tim.jpg","datePublished":"2024-01-17T11:27:18+00:00","dateModified":"2024-01-17T11:28:39+00:00","author":{"@id":"https:\/\/www.carmel.sk\/biblicketabory\/#\/schema\/person\/1be769526dd3168e919ac291934515e0"},"breadcrumb":{"@id":"https:\/\/www.carmel.sk\/biblicketabory\/index.php\/2024\/01\/17\/1-taborovy-tim-pre-tabory-2024-secovce\/#breadcrumb"},"inLanguage":"sk-SK","potentialAction":[{"@type":"ReadAction","target":["https:\/\/www.carmel.sk\/biblicketabory\/index.php\/2024\/01\/17\/1-taborovy-tim-pre-tabory-2024-secovce\/"]}]},{"@type":"ImageObject","inLanguage":"sk-SK","@id":"https:\/\/www.carmel.sk\/biblicketabory\/index.php\/2024\/01\/17\/1-taborovy-tim-pre-tabory-2024-secovce\/#primaryimage","url":"https:\/\/www.carmel.sk\/biblicketabory\/wp-content\/uploads\/2024\/01\/taborovy-tim.jpg","contentUrl":"https:\/\/www.carmel.sk\/biblicketabory\/wp-content\/uploads\/2024\/01\/taborovy-tim.jpg","width":293,"height":296},{"@type":"BreadcrumbList","@id":"https:\/\/www.carmel.sk\/biblicketabory\/index.php\/2024\/01\/17\/1-taborovy-tim-pre-tabory-2024-secovce\/#breadcrumb","itemListElement":[{"@type":"ListItem","position":1,"name":"Home","item":"https:\/\/www.carmel.sk\/biblicketabory\/"},{"@type":"ListItem","position":2,"name":"1. T\u00e1borov\u00fd t\u00edm pre t\u00e1bory 2024 &#8211; Se\u010dovce"}]},{"@type":"WebSite","@id":"https:\/\/www.carmel.sk\/biblicketabory\/#website","url":"https:\/\/www.carmel.sk\/biblicketabory\/","name":"Biblick\u00e9 t\u00e1bory na Borde","description":"","potentialAction":[{"@type":"SearchAction","target":{"@type":"EntryPoint","urlTemplate":"https:\/\/www.carmel.sk\/biblicketabory\/?s={search_term_string}"},"query-input":{"@type":"PropertyValueSpecification","valueRequired":true,"valueName":"search_term_string"}}],"inLanguage":"sk-SK"},{"@type":"Person","@id":"https:\/\/www.carmel.sk\/biblicketabory\/#\/schema\/person\/1be769526dd3168e919ac291934515e0","name":"admin","image":{"@type":"ImageObject","inLanguage":"sk-SK","@id":"https:\/\/secure.gravatar.com\/avatar\/76765655c3c0fdd048ae6c8899d243400a415d89896434d1b6d8f9460ca1f413?s=96&d=mm&r=g","url":"https:\/\/secure.gravatar.com\/avatar\/76765655c3c0fdd048ae6c8899d243400a415d89896434d1b6d8f9460ca1f413?s=96&d=mm&r=g","contentUrl":"https:\/\/secure.gravatar.com\/avatar\/76765655c3c0fdd048ae6c8899d243400a415d89896434d1b6d8f9460ca1f413?s=96&d=mm&r=g","caption":"admin"},"sameAs":["https:\/\/www.carmel.sk\/biblicketabory"],"url":"https:\/\/www.carmel.sk\/biblicketabory\/index.php\/author\/admin\/"}]}},"_links":{"self":[{"href":"https:\/\/www.carmel.sk\/biblicketabory\/index.php\/wp-json\/wp\/v2\/posts\/255","targetHints":{"allow":["GET"]}}],"collection":[{"href":"https:\/\/www.carmel.sk\/biblicketabory\/index.php\/wp-json\/wp\/v2\/posts"}],"about":[{"href":"https:\/\/www.carmel.sk\/biblicketabory\/index.php\/wp-json\/wp\/v2\/types\/post"}],"author":[{"embeddable":true,"href":"https:\/\/www.carmel.sk\/biblicketabory\/index.php\/wp-json\/wp\/v2\/users\/1"}],"replies":[{"embeddable":true,"href":"https:\/\/www.carmel.sk\/biblicketabory\/index.php\/wp-json\/wp\/v2\/comments?post=255"}],"version-history":[{"count":1,"href":"https:\/\/www.carmel.sk\/biblicketabory\/index.php\/wp-json\/wp\/v2\/posts\/255\/revisions"}],"predecessor-version":[{"id":257,"href":"https:\/\/www.carmel.sk\/biblicketabory\/index.php\/wp-json\/wp\/v2\/posts\/255\/revisions\/257"}],"wp:featuredmedia":[{"embeddable":true,"href":"https:\/\/www.carmel.sk\/biblicketabory\/index.php\/wp-json\/wp\/v2\/media\/256"}],"wp:attachment":[{"href":"https:\/\/www.carmel.sk\/biblicketabory\/index.php\/wp-json\/wp\/v2\/media?parent=255"}],"wp:term":[{"taxonomy":"category","embeddable":true,"href":"https:\/\/www.carmel.sk\/biblicketabory\/index.php\/wp-json\/wp\/v2\/categories?post=255"},{"taxonomy":"post_tag","embeddable":true,"href":"https:\/\/www.carmel.sk\/biblicketabory\/index.php\/wp-json\/wp\/v2\/tags?post=255"}],"curies":[{"name":"wp","href":"https:\/\/api.w.org\/{rel}","templated":true}]}}