{"id":239,"date":"2023-09-26T18:35:08","date_gmt":"2023-09-26T16:35:08","guid":{"rendered":"https:\/\/www.carmel.sk\/biblicketabory\/?p=239"},"modified":"2024-01-17T12:23:40","modified_gmt":"2024-01-17T11:23:40","slug":"atmosfera-taborov-v-roku-2023","status":"publish","type":"post","link":"https:\/\/www.carmel.sk\/biblicketabory\/index.php\/2023\/09\/26\/atmosfera-taborov-v-roku-2023\/","title":{"rendered":"Atmosf\u00e9ra t\u00e1borov v roku 2023"},"content":{"rendered":"\n<p>Aj v&nbsp;tomto roku 2023 sme op\u00e4\u0165 organizovali letn\u00e9 t\u00e1bory na chate Borda v&nbsp;oblasti Ko\u0161ick\u00fd Kle\u010denov. <\/p>\n\n\n\n<p>Uskuto\u010dnili sa dva turnusy. Prv\u00fd dorasteneck\u00fd turnus ur\u010den\u00fd pre dorastencov&nbsp;vo veku 12 a\u017e 18 rokov sa uskuto\u010dnil v&nbsp;polovici letn\u00fdch pr\u00e1zdnin \u2013 23.-29. j\u00fala. Z\u00fa\u010dastnilo sa ho 51 det\u00ed. 28 diev\u010dat a 23 chlapcov. Druh\u00fd detsk\u00fd turnus v&nbsp;d\u0148och 30. j\u00fala \u2013 4. augusta, bol ur\u010den\u00fd pre deti mlad\u0161ieho \u0161kolsk\u00e9ho veku \u2013 od 6 do 11 rokov. Z\u00fa\u010dastnilo sa ho 52 det\u00ed \u2013 z&nbsp;toho 25 diev\u010dat a&nbsp;27 chlapcov. <\/p>\n\n\n\n<p>Z\u00e1rove\u0148 sme mali po\u010das oboch t\u00fd\u017ed\u0148ov pomoc ved\u00facich \u2013 mlad\u00fdch \u013eud\u00ed, ktor\u00ed svoj vo\u013en\u00fd \u010das v\u00a0lete vyu\u017eili slu\u017ebou a\u00a0dobrovo\u013ene pom\u00e1hali a\u00a0pracovali. <br>46 \u013eud\u00ed sa rozhodlo uprednostni\u0165 svoje letn\u00e9 vo\u013eno pred brig\u00e1dami, \u010di in\u00fdmi aktivitami a\u00a0str\u00e1vi\u0165 nieko\u013eko dn\u00ed pomocou. No pre t\u00fdchto mlad\u00fdch to nebola nejak\u00e1 jednor\u00e1zovka. <\/p>\n\n\n\n<p>Nezah\u00e1\u013eame ani po\u010das \u0161kolsk\u00e9ho roka. Pravidelne a akt\u00edvne sa stret\u00e1vame na \u0161koleniach pre ved\u00facich, kde vym\u00fd\u0161\u013eame, chyst\u00e1me a organizujeme t\u00e1bory pre nadch\u00e1dzaj\u00face leto, \u010di za\u0161ko\u013eujeme a&nbsp;zdokona\u013eujeme ved\u00facich a&nbsp;pomocn\u00fdch ved\u00facich, ktor\u00ed to robia vo svojom vo\u013enom \u010dase a&nbsp;dobrovo\u013ene. <\/p>\n\n\n\n<p>Na\u0161ou snahou je pribl\u00ed\u017ei\u0165 de\u0165om ak\u00e9hoko\u013evek veku a&nbsp;p\u00f4vodu, ktor\u00e9 k&nbsp;n\u00e1m prich\u00e1dzaj\u00fa, biblick\u00e9 pr\u00edbehy a ich aplik\u00e1ciu do v\u0161edn\u00e9ho ka\u017edodenn\u00e9ho \u017eivota. Spolu tieto t\u00e9my rozober\u00e1me, spievame tematick\u00e9 piesne a hr\u00e1me hry. Predov\u0161etk\u00fdm&nbsp;db\u00e1me na to, aby mali deti a&nbsp;mlad\u00ed priestor aj na rozhovory so star\u0161\u00edmi ved\u00facimi o \u010domko\u013evek, \u010do ich te\u0161\u00ed alebo tr\u00e1pi a nielen na z\u00e1bavu. <\/p>\n\n\n\n<p>Tento rok sa niesol v&nbsp;duchu kame\u0148ov. N\u00e1zov t\u00e1borov znel ,,Len kame\u0148\u201c. Referoval na t\u00e9my a&nbsp;hry z&nbsp;r\u00f4znych biblick\u00fdch pr\u00edbehov t\u00fdkaj\u00facich sa nejakej formy kame\u0148a. Pri vstupe do Jeruzalema s\u00fa to kri\u010diace kamene, pri vyh\u00e1\u0148an\u00ed pe\u0148azomencov zb\u00faran\u00e9 kamene, \u010falej letiace kamene&nbsp;a&nbsp;nakoniec uholn\u00fd kame\u0148 \u2013 stavanie na P\u00e1novi Je\u017ei\u0161ovi. <\/p>\n\n\n\n<p><img loading=\"lazy\" decoding=\"async\" alt=\"Obr\u00e1zok, na ktorom je osoba, o\u0161atenie, stena, vn\u00fatri\n\nAutomaticky generovan\u00fd popis\" src=\"https:\/\/lh3.googleusercontent.com\/Cs0M8t8610nhVt9TmfvAAulxsoVTTG1PHIll3ijdxTMX60J9_pD_JPSKxdKEIIrwT38YhshhSWY2AMnNv_gwaprcIk8KiJJ0kKdCI0ZJ6zoSFY53B2nDIuiBAffXirN-NB6GR1VdeU4ziqLxKdAPGg\" width=\"605\" height=\"403\"><\/p>\n\n\n\n<p>Obidva tieto t\u00fd\u017edne boli pln\u00e9 hrav\u00fdch, \u0161portov\u00fdch aktiv\u00edt. Deti a&nbsp;dorastenci si u\u017eili ve\u013ea hier zah\u0155\u0148aj\u00facich behanie, chytanie, stavanie, prem\u00fd\u0161\u013eanie \u010di koordin\u00e1ciu. Samozrejme by to nebol autentick\u00fd t\u00e1bor bez vodn\u00fdch hier! Podarilo sa n\u00e1m ich zorganizova\u0165 aj napriek nie \u00faplne priazniv\u00e9mu po\u010dasiu. Taktie\u017e by sme nemohli vynecha\u0165 t\u00faru.&nbsp; <\/p>\n\n\n\n<p><img loading=\"lazy\" decoding=\"async\" alt=\"Obr\u00e1zok, na ktorom je exteri\u00e9r, osoba, o\u0161atenie, \u013eudia\n\nAutomaticky generovan\u00fd popis\" src=\"https:\/\/lh4.googleusercontent.com\/FvX9Ci4tCQuZPnW3PtTyOTTZmyUmnM1mqb7IsLYueiBK-IwR6PTKeucUh8E7sbNGZs_E8ilJXPpKibJhEYTK1NVtHFVB3ClzvhCLD2Y8LNjM05sDwSURJ2TaYwO7KI_boifRu52jXo_SFASs16VfiQ\" width=\"605\" height=\"403\"><\/p>\n\n\n\n<p>Navy\u0161e, na dorasteneckom turnuse organizujeme workshopy \u2013 je to \u010das, ktor\u00ed dorastenci tr\u00e1via v&nbsp;skupink\u00e1ch pod\u013ea z\u00e1ujmu a&nbsp;venuj\u00fa sa vopred pripraven\u00fdm aktivit\u00e1m. Tento rok mali na v\u00fdber r\u00f4znorod\u00e9 mo\u017enosti \u2013 kulin\u00e1rsky workshop, spar\u0165ansk\u00fd, kutilsk\u00fd, workshop spolo\u010densk\u00fdch hier a&nbsp;v\u00fdtvarn\u00edcky-tvoriv\u00fd. <\/p>\n\n\n\n<p>T\u00e1bory s\u00fa financovan\u00e9 \u00fa\u010dastn\u00edkmi t\u00e1borov, ale aj v\u010faka pr\u00edspevku darcov. Pomocou je tie\u017e&nbsp;finan\u010dn\u00e1 podpora zo v\u0161eobecn\u00e9ho fondu na\u0161ej cirkvi. Pr\u00edspevok holandskej nad\u00e1cie Foundation HOE (Hoolp Oost-Europa) pom\u00e1ha na na\u0161e t\u00e1bory privies\u0165 aj deti, ktor\u00e9 si to nem\u00f4\u017eu dovoli\u0165. 6 det\u00ed zo soci\u00e1lne slab\u0161\u00edch prostred\u00ed mali v\u010faka tomuto pr\u00edspevku t\u00e1bor plne hraden\u00fd. <\/p>\n\n\n\n<p>V\u010faka patr\u00ed v\u0161etk\u00fdm, ktor\u00ed prikladaj\u00fa ruku k&nbsp;dielu r\u00f4znym sp\u00f4sobom a&nbsp;sna\u017eia sa spolu s&nbsp;nami budova\u0165 rozvojov\u00fd priestor pre deti a&nbsp;mlad\u00fdch \u013eud\u00ed. <\/p>\n\n\n\n<p>A&nbsp;pre\u010do pr\u00e1ve t\u00e1bory  na Borde? Je to miesto, kde sa sna\u017e\u00edme vytvori\u0165 bezpe\u010dn\u00e9 \u00fato\u010disko pre mlad\u00fdch \u013eud\u00ed, kde m\u00f4\u017eu nielen tr\u00e1vi\u0165 vo\u013en\u00fd \u010das, diskutova\u0165, sl\u00fa\u017ei\u0165, rozv\u00edja\u0165 svoje talenty, spozn\u00e1va\u0165 sebe podobn\u00fdch, ale aj za\u017e\u00edva\u0165 duchovn\u00fd rozvoj a&nbsp;dozveda\u0165 sa o&nbsp;P\u00e1nu Bohu, Biblii a&nbsp;viere hravou formou.&nbsp;<\/p>\n\n\n\n<p><img decoding=\"async\" alt=\"Obr\u00e1zok, na ktorom je exteri\u00e9r, strom, osoba, o\u0161atenie\n\nAutomaticky generovan\u00fd popis\" src=\"https:\/\/lh4.googleusercontent.com\/h874Vc_aEPj9qAtOSOKujQpEGxGrRjBsdC-ZBLBgR_kPyM-HqSMCjpasgIbV-xKM6DiPfeQeGD8jPfzZAeC9Yk17WVIQB0laIPhd3ITjMve_v4Hx7A__uQnqiyUmvf8zjp9YkbJdEZnrG-KVYTfnyQ\" width=\"603\" height=\"457.1516001224518\"><\/p>\n","protected":false},"excerpt":{"rendered":"<p>Aj v&nbsp;tomto roku 2023 sme op\u00e4\u0165 organizovali letn\u00e9 t\u00e1bory na chate Borda v&nbsp;oblasti Ko\u0161ick\u00fd Kle\u010denov. Uskuto\u010dnili sa dva turnusy. Prv\u00fd dorasteneck\u00fd turnus ur\u010den\u00fd pre dorastencov&nbsp;vo veku 12 a\u017e 18 rokov sa uskuto\u010dnil v&nbsp;polovici letn\u00fdch pr\u00e1zdnin \u2013 23.-29. j\u00fala. Z\u00fa\u010dastnilo sa ho 51 det\u00ed. 28 diev\u010dat a 23 chlapcov. Druh\u00fd detsk\u00fd turnus v&nbsp;d\u0148och 30. j\u00fala \u2013 [&hellip;]<\/p>\n","protected":false},"author":1,"featured_media":241,"comment_status":"open","ping_status":"open","sticky":false,"template":"","format":"standard","meta":{"_monsterinsights_skip_tracking":false,"_monsterinsights_sitenote_active":false,"_monsterinsights_sitenote_note":"","_monsterinsights_sitenote_category":0,"footnotes":""},"categories":[1],"tags":[],"class_list":["post-239","post","type-post","status-publish","format-standard","has-post-thumbnail","hentry","category-nezaradene"],"yoast_head":"<!-- This site is optimized with the Yoast SEO plugin v27.3 - https:\/\/yoast.com\/product\/yoast-seo-wordpress\/ -->\n<title>Atmosf\u00e9ra t\u00e1borov v roku 2023 - Biblick\u00e9 t\u00e1bory na Borde<\/title>\n<meta name=\"robots\" content=\"index, follow, max-snippet:-1, max-image-preview:large, max-video-preview:-1\" \/>\n<link rel=\"canonical\" href=\"https:\/\/www.carmel.sk\/biblicketabory\/index.php\/2023\/09\/26\/atmosfera-taborov-v-roku-2023\/\" \/>\n<meta property=\"og:locale\" content=\"sk_SK\" \/>\n<meta property=\"og:type\" content=\"article\" \/>\n<meta property=\"og:title\" content=\"Atmosf\u00e9ra t\u00e1borov v roku 2023 - Biblick\u00e9 t\u00e1bory na Borde\" \/>\n<meta property=\"og:description\" content=\"Aj v&nbsp;tomto roku 2023 sme op\u00e4\u0165 organizovali letn\u00e9 t\u00e1bory na chate Borda v&nbsp;oblasti Ko\u0161ick\u00fd Kle\u010denov. Uskuto\u010dnili sa dva turnusy. Prv\u00fd dorasteneck\u00fd turnus ur\u010den\u00fd pre dorastencov&nbsp;vo veku 12 a\u017e 18 rokov sa uskuto\u010dnil v&nbsp;polovici letn\u00fdch pr\u00e1zdnin \u2013 23.-29. j\u00fala. Z\u00fa\u010dastnilo sa ho 51 det\u00ed. 28 diev\u010dat a 23 chlapcov. Druh\u00fd detsk\u00fd turnus v&nbsp;d\u0148och 30. j\u00fala \u2013 [&hellip;]\" \/>\n<meta property=\"og:url\" content=\"https:\/\/www.carmel.sk\/biblicketabory\/index.php\/2023\/09\/26\/atmosfera-taborov-v-roku-2023\/\" \/>\n<meta property=\"og:site_name\" content=\"Biblick\u00e9 t\u00e1bory na Borde\" \/>\n<meta property=\"article:published_time\" content=\"2023-09-26T16:35:08+00:00\" \/>\n<meta property=\"article:modified_time\" content=\"2024-01-17T11:23:40+00:00\" \/>\n<meta property=\"og:image\" content=\"https:\/\/www.carmel.sk\/biblicketabory\/wp-content\/uploads\/2023\/09\/tabory-Borda.jpg\" \/>\n\t<meta property=\"og:image:width\" content=\"824\" \/>\n\t<meta property=\"og:image:height\" content=\"522\" \/>\n\t<meta property=\"og:image:type\" content=\"image\/jpeg\" \/>\n<meta name=\"author\" content=\"admin\" \/>\n<meta name=\"twitter:card\" content=\"summary_large_image\" \/>\n<meta name=\"twitter:label1\" content=\"Autor\" \/>\n\t<meta name=\"twitter:data1\" content=\"admin\" \/>\n\t<meta name=\"twitter:label2\" content=\"Predpokladan\u00fd \u010das \u010d\u00edtania\" \/>\n\t<meta name=\"twitter:data2\" content=\"4 min\u00faty\" \/>\n<script type=\"application\/ld+json\" class=\"yoast-schema-graph\">{\"@context\":\"https:\\\/\\\/schema.org\",\"@graph\":[{\"@type\":\"Article\",\"@id\":\"https:\\\/\\\/www.carmel.sk\\\/biblicketabory\\\/index.php\\\/2023\\\/09\\\/26\\\/atmosfera-taborov-v-roku-2023\\\/#article\",\"isPartOf\":{\"@id\":\"https:\\\/\\\/www.carmel.sk\\\/biblicketabory\\\/index.php\\\/2023\\\/09\\\/26\\\/atmosfera-taborov-v-roku-2023\\\/\"},\"author\":{\"name\":\"admin\",\"@id\":\"https:\\\/\\\/www.carmel.sk\\\/biblicketabory\\\/#\\\/schema\\\/person\\\/1be769526dd3168e919ac291934515e0\"},\"headline\":\"Atmosf\u00e9ra t\u00e1borov v roku 2023\",\"datePublished\":\"2023-09-26T16:35:08+00:00\",\"dateModified\":\"2024-01-17T11:23:40+00:00\",\"mainEntityOfPage\":{\"@id\":\"https:\\\/\\\/www.carmel.sk\\\/biblicketabory\\\/index.php\\\/2023\\\/09\\\/26\\\/atmosfera-taborov-v-roku-2023\\\/\"},\"wordCount\":690,\"commentCount\":0,\"image\":{\"@id\":\"https:\\\/\\\/www.carmel.sk\\\/biblicketabory\\\/index.php\\\/2023\\\/09\\\/26\\\/atmosfera-taborov-v-roku-2023\\\/#primaryimage\"},\"thumbnailUrl\":\"https:\\\/\\\/www.carmel.sk\\\/biblicketabory\\\/wp-content\\\/uploads\\\/2023\\\/09\\\/tabory-Borda.jpg\",\"inLanguage\":\"sk-SK\",\"potentialAction\":[{\"@type\":\"CommentAction\",\"name\":\"Comment\",\"target\":[\"https:\\\/\\\/www.carmel.sk\\\/biblicketabory\\\/index.php\\\/2023\\\/09\\\/26\\\/atmosfera-taborov-v-roku-2023\\\/#respond\"]}]},{\"@type\":\"WebPage\",\"@id\":\"https:\\\/\\\/www.carmel.sk\\\/biblicketabory\\\/index.php\\\/2023\\\/09\\\/26\\\/atmosfera-taborov-v-roku-2023\\\/\",\"url\":\"https:\\\/\\\/www.carmel.sk\\\/biblicketabory\\\/index.php\\\/2023\\\/09\\\/26\\\/atmosfera-taborov-v-roku-2023\\\/\",\"name\":\"Atmosf\u00e9ra t\u00e1borov v roku 2023 - Biblick\u00e9 t\u00e1bory na Borde\",\"isPartOf\":{\"@id\":\"https:\\\/\\\/www.carmel.sk\\\/biblicketabory\\\/#website\"},\"primaryImageOfPage\":{\"@id\":\"https:\\\/\\\/www.carmel.sk\\\/biblicketabory\\\/index.php\\\/2023\\\/09\\\/26\\\/atmosfera-taborov-v-roku-2023\\\/#primaryimage\"},\"image\":{\"@id\":\"https:\\\/\\\/www.carmel.sk\\\/biblicketabory\\\/index.php\\\/2023\\\/09\\\/26\\\/atmosfera-taborov-v-roku-2023\\\/#primaryimage\"},\"thumbnailUrl\":\"https:\\\/\\\/www.carmel.sk\\\/biblicketabory\\\/wp-content\\\/uploads\\\/2023\\\/09\\\/tabory-Borda.jpg\",\"datePublished\":\"2023-09-26T16:35:08+00:00\",\"dateModified\":\"2024-01-17T11:23:40+00:00\",\"author\":{\"@id\":\"https:\\\/\\\/www.carmel.sk\\\/biblicketabory\\\/#\\\/schema\\\/person\\\/1be769526dd3168e919ac291934515e0\"},\"breadcrumb\":{\"@id\":\"https:\\\/\\\/www.carmel.sk\\\/biblicketabory\\\/index.php\\\/2023\\\/09\\\/26\\\/atmosfera-taborov-v-roku-2023\\\/#breadcrumb\"},\"inLanguage\":\"sk-SK\",\"potentialAction\":[{\"@type\":\"ReadAction\",\"target\":[\"https:\\\/\\\/www.carmel.sk\\\/biblicketabory\\\/index.php\\\/2023\\\/09\\\/26\\\/atmosfera-taborov-v-roku-2023\\\/\"]}]},{\"@type\":\"ImageObject\",\"inLanguage\":\"sk-SK\",\"@id\":\"https:\\\/\\\/www.carmel.sk\\\/biblicketabory\\\/index.php\\\/2023\\\/09\\\/26\\\/atmosfera-taborov-v-roku-2023\\\/#primaryimage\",\"url\":\"https:\\\/\\\/www.carmel.sk\\\/biblicketabory\\\/wp-content\\\/uploads\\\/2023\\\/09\\\/tabory-Borda.jpg\",\"contentUrl\":\"https:\\\/\\\/www.carmel.sk\\\/biblicketabory\\\/wp-content\\\/uploads\\\/2023\\\/09\\\/tabory-Borda.jpg\",\"width\":824,\"height\":522},{\"@type\":\"BreadcrumbList\",\"@id\":\"https:\\\/\\\/www.carmel.sk\\\/biblicketabory\\\/index.php\\\/2023\\\/09\\\/26\\\/atmosfera-taborov-v-roku-2023\\\/#breadcrumb\",\"itemListElement\":[{\"@type\":\"ListItem\",\"position\":1,\"name\":\"Home\",\"item\":\"https:\\\/\\\/www.carmel.sk\\\/biblicketabory\\\/\"},{\"@type\":\"ListItem\",\"position\":2,\"name\":\"Atmosf\u00e9ra t\u00e1borov v roku 2023\"}]},{\"@type\":\"WebSite\",\"@id\":\"https:\\\/\\\/www.carmel.sk\\\/biblicketabory\\\/#website\",\"url\":\"https:\\\/\\\/www.carmel.sk\\\/biblicketabory\\\/\",\"name\":\"Biblick\u00e9 t\u00e1bory na Borde\",\"description\":\"\",\"potentialAction\":[{\"@type\":\"SearchAction\",\"target\":{\"@type\":\"EntryPoint\",\"urlTemplate\":\"https:\\\/\\\/www.carmel.sk\\\/biblicketabory\\\/?s={search_term_string}\"},\"query-input\":{\"@type\":\"PropertyValueSpecification\",\"valueRequired\":true,\"valueName\":\"search_term_string\"}}],\"inLanguage\":\"sk-SK\"},{\"@type\":\"Person\",\"@id\":\"https:\\\/\\\/www.carmel.sk\\\/biblicketabory\\\/#\\\/schema\\\/person\\\/1be769526dd3168e919ac291934515e0\",\"name\":\"admin\",\"image\":{\"@type\":\"ImageObject\",\"inLanguage\":\"sk-SK\",\"@id\":\"https:\\\/\\\/secure.gravatar.com\\\/avatar\\\/76765655c3c0fdd048ae6c8899d243400a415d89896434d1b6d8f9460ca1f413?s=96&d=mm&r=g\",\"url\":\"https:\\\/\\\/secure.gravatar.com\\\/avatar\\\/76765655c3c0fdd048ae6c8899d243400a415d89896434d1b6d8f9460ca1f413?s=96&d=mm&r=g\",\"contentUrl\":\"https:\\\/\\\/secure.gravatar.com\\\/avatar\\\/76765655c3c0fdd048ae6c8899d243400a415d89896434d1b6d8f9460ca1f413?s=96&d=mm&r=g\",\"caption\":\"admin\"},\"sameAs\":[\"https:\\\/\\\/www.carmel.sk\\\/biblicketabory\"],\"url\":\"https:\\\/\\\/www.carmel.sk\\\/biblicketabory\\\/index.php\\\/author\\\/admin\\\/\"}]}<\/script>\n<!-- \/ Yoast SEO plugin. -->","yoast_head_json":{"title":"Atmosf\u00e9ra t\u00e1borov v roku 2023 - Biblick\u00e9 t\u00e1bory na Borde","robots":{"index":"index","follow":"follow","max-snippet":"max-snippet:-1","max-image-preview":"max-image-preview:large","max-video-preview":"max-video-preview:-1"},"canonical":"https:\/\/www.carmel.sk\/biblicketabory\/index.php\/2023\/09\/26\/atmosfera-taborov-v-roku-2023\/","og_locale":"sk_SK","og_type":"article","og_title":"Atmosf\u00e9ra t\u00e1borov v roku 2023 - Biblick\u00e9 t\u00e1bory na Borde","og_description":"Aj v&nbsp;tomto roku 2023 sme op\u00e4\u0165 organizovali letn\u00e9 t\u00e1bory na chate Borda v&nbsp;oblasti Ko\u0161ick\u00fd Kle\u010denov. Uskuto\u010dnili sa dva turnusy. Prv\u00fd dorasteneck\u00fd turnus ur\u010den\u00fd pre dorastencov&nbsp;vo veku 12 a\u017e 18 rokov sa uskuto\u010dnil v&nbsp;polovici letn\u00fdch pr\u00e1zdnin \u2013 23.-29. j\u00fala. Z\u00fa\u010dastnilo sa ho 51 det\u00ed. 28 diev\u010dat a 23 chlapcov. Druh\u00fd detsk\u00fd turnus v&nbsp;d\u0148och 30. j\u00fala \u2013 [&hellip;]","og_url":"https:\/\/www.carmel.sk\/biblicketabory\/index.php\/2023\/09\/26\/atmosfera-taborov-v-roku-2023\/","og_site_name":"Biblick\u00e9 t\u00e1bory na Borde","article_published_time":"2023-09-26T16:35:08+00:00","article_modified_time":"2024-01-17T11:23:40+00:00","og_image":[{"width":824,"height":522,"url":"https:\/\/www.carmel.sk\/biblicketabory\/wp-content\/uploads\/2023\/09\/tabory-Borda.jpg","type":"image\/jpeg"}],"author":"admin","twitter_card":"summary_large_image","twitter_misc":{"Autor":"admin","Predpokladan\u00fd \u010das \u010d\u00edtania":"4 min\u00faty"},"schema":{"@context":"https:\/\/schema.org","@graph":[{"@type":"Article","@id":"https:\/\/www.carmel.sk\/biblicketabory\/index.php\/2023\/09\/26\/atmosfera-taborov-v-roku-2023\/#article","isPartOf":{"@id":"https:\/\/www.carmel.sk\/biblicketabory\/index.php\/2023\/09\/26\/atmosfera-taborov-v-roku-2023\/"},"author":{"name":"admin","@id":"https:\/\/www.carmel.sk\/biblicketabory\/#\/schema\/person\/1be769526dd3168e919ac291934515e0"},"headline":"Atmosf\u00e9ra t\u00e1borov v roku 2023","datePublished":"2023-09-26T16:35:08+00:00","dateModified":"2024-01-17T11:23:40+00:00","mainEntityOfPage":{"@id":"https:\/\/www.carmel.sk\/biblicketabory\/index.php\/2023\/09\/26\/atmosfera-taborov-v-roku-2023\/"},"wordCount":690,"commentCount":0,"image":{"@id":"https:\/\/www.carmel.sk\/biblicketabory\/index.php\/2023\/09\/26\/atmosfera-taborov-v-roku-2023\/#primaryimage"},"thumbnailUrl":"https:\/\/www.carmel.sk\/biblicketabory\/wp-content\/uploads\/2023\/09\/tabory-Borda.jpg","inLanguage":"sk-SK","potentialAction":[{"@type":"CommentAction","name":"Comment","target":["https:\/\/www.carmel.sk\/biblicketabory\/index.php\/2023\/09\/26\/atmosfera-taborov-v-roku-2023\/#respond"]}]},{"@type":"WebPage","@id":"https:\/\/www.carmel.sk\/biblicketabory\/index.php\/2023\/09\/26\/atmosfera-taborov-v-roku-2023\/","url":"https:\/\/www.carmel.sk\/biblicketabory\/index.php\/2023\/09\/26\/atmosfera-taborov-v-roku-2023\/","name":"Atmosf\u00e9ra t\u00e1borov v roku 2023 - Biblick\u00e9 t\u00e1bory na Borde","isPartOf":{"@id":"https:\/\/www.carmel.sk\/biblicketabory\/#website"},"primaryImageOfPage":{"@id":"https:\/\/www.carmel.sk\/biblicketabory\/index.php\/2023\/09\/26\/atmosfera-taborov-v-roku-2023\/#primaryimage"},"image":{"@id":"https:\/\/www.carmel.sk\/biblicketabory\/index.php\/2023\/09\/26\/atmosfera-taborov-v-roku-2023\/#primaryimage"},"thumbnailUrl":"https:\/\/www.carmel.sk\/biblicketabory\/wp-content\/uploads\/2023\/09\/tabory-Borda.jpg","datePublished":"2023-09-26T16:35:08+00:00","dateModified":"2024-01-17T11:23:40+00:00","author":{"@id":"https:\/\/www.carmel.sk\/biblicketabory\/#\/schema\/person\/1be769526dd3168e919ac291934515e0"},"breadcrumb":{"@id":"https:\/\/www.carmel.sk\/biblicketabory\/index.php\/2023\/09\/26\/atmosfera-taborov-v-roku-2023\/#breadcrumb"},"inLanguage":"sk-SK","potentialAction":[{"@type":"ReadAction","target":["https:\/\/www.carmel.sk\/biblicketabory\/index.php\/2023\/09\/26\/atmosfera-taborov-v-roku-2023\/"]}]},{"@type":"ImageObject","inLanguage":"sk-SK","@id":"https:\/\/www.carmel.sk\/biblicketabory\/index.php\/2023\/09\/26\/atmosfera-taborov-v-roku-2023\/#primaryimage","url":"https:\/\/www.carmel.sk\/biblicketabory\/wp-content\/uploads\/2023\/09\/tabory-Borda.jpg","contentUrl":"https:\/\/www.carmel.sk\/biblicketabory\/wp-content\/uploads\/2023\/09\/tabory-Borda.jpg","width":824,"height":522},{"@type":"BreadcrumbList","@id":"https:\/\/www.carmel.sk\/biblicketabory\/index.php\/2023\/09\/26\/atmosfera-taborov-v-roku-2023\/#breadcrumb","itemListElement":[{"@type":"ListItem","position":1,"name":"Home","item":"https:\/\/www.carmel.sk\/biblicketabory\/"},{"@type":"ListItem","position":2,"name":"Atmosf\u00e9ra t\u00e1borov v roku 2023"}]},{"@type":"WebSite","@id":"https:\/\/www.carmel.sk\/biblicketabory\/#website","url":"https:\/\/www.carmel.sk\/biblicketabory\/","name":"Biblick\u00e9 t\u00e1bory na Borde","description":"","potentialAction":[{"@type":"SearchAction","target":{"@type":"EntryPoint","urlTemplate":"https:\/\/www.carmel.sk\/biblicketabory\/?s={search_term_string}"},"query-input":{"@type":"PropertyValueSpecification","valueRequired":true,"valueName":"search_term_string"}}],"inLanguage":"sk-SK"},{"@type":"Person","@id":"https:\/\/www.carmel.sk\/biblicketabory\/#\/schema\/person\/1be769526dd3168e919ac291934515e0","name":"admin","image":{"@type":"ImageObject","inLanguage":"sk-SK","@id":"https:\/\/secure.gravatar.com\/avatar\/76765655c3c0fdd048ae6c8899d243400a415d89896434d1b6d8f9460ca1f413?s=96&d=mm&r=g","url":"https:\/\/secure.gravatar.com\/avatar\/76765655c3c0fdd048ae6c8899d243400a415d89896434d1b6d8f9460ca1f413?s=96&d=mm&r=g","contentUrl":"https:\/\/secure.gravatar.com\/avatar\/76765655c3c0fdd048ae6c8899d243400a415d89896434d1b6d8f9460ca1f413?s=96&d=mm&r=g","caption":"admin"},"sameAs":["https:\/\/www.carmel.sk\/biblicketabory"],"url":"https:\/\/www.carmel.sk\/biblicketabory\/index.php\/author\/admin\/"}]}},"_links":{"self":[{"href":"https:\/\/www.carmel.sk\/biblicketabory\/index.php\/wp-json\/wp\/v2\/posts\/239","targetHints":{"allow":["GET"]}}],"collection":[{"href":"https:\/\/www.carmel.sk\/biblicketabory\/index.php\/wp-json\/wp\/v2\/posts"}],"about":[{"href":"https:\/\/www.carmel.sk\/biblicketabory\/index.php\/wp-json\/wp\/v2\/types\/post"}],"author":[{"embeddable":true,"href":"https:\/\/www.carmel.sk\/biblicketabory\/index.php\/wp-json\/wp\/v2\/users\/1"}],"replies":[{"embeddable":true,"href":"https:\/\/www.carmel.sk\/biblicketabory\/index.php\/wp-json\/wp\/v2\/comments?post=239"}],"version-history":[{"count":2,"href":"https:\/\/www.carmel.sk\/biblicketabory\/index.php\/wp-json\/wp\/v2\/posts\/239\/revisions"}],"predecessor-version":[{"id":254,"href":"https:\/\/www.carmel.sk\/biblicketabory\/index.php\/wp-json\/wp\/v2\/posts\/239\/revisions\/254"}],"wp:featuredmedia":[{"embeddable":true,"href":"https:\/\/www.carmel.sk\/biblicketabory\/index.php\/wp-json\/wp\/v2\/media\/241"}],"wp:attachment":[{"href":"https:\/\/www.carmel.sk\/biblicketabory\/index.php\/wp-json\/wp\/v2\/media?parent=239"}],"wp:term":[{"taxonomy":"category","embeddable":true,"href":"https:\/\/www.carmel.sk\/biblicketabory\/index.php\/wp-json\/wp\/v2\/categories?post=239"},{"taxonomy":"post_tag","embeddable":true,"href":"https:\/\/www.carmel.sk\/biblicketabory\/index.php\/wp-json\/wp\/v2\/tags?post=239"}],"curies":[{"name":"wp","href":"https:\/\/api.w.org\/{rel}","templated":true}]}}