{"id":216,"date":"2023-03-26T09:51:03","date_gmt":"2023-03-26T07:51:03","guid":{"rendered":"https:\/\/www.carmel.sk\/biblicketabory\/?p=216"},"modified":"2023-03-26T09:56:07","modified_gmt":"2023-03-26T07:56:07","slug":"ako-nam-bolo-na-taboroch-v-roku-2022","status":"publish","type":"post","link":"https:\/\/www.carmel.sk\/biblicketabory\/index.php\/2023\/03\/26\/ako-nam-bolo-na-taboroch-v-roku-2022\/","title":{"rendered":"Ako n\u00e1m bolo na t\u00e1boroch v roku 2022"},"content":{"rendered":"\n<p>V&nbsp;roku 2022 sme op\u00e4\u0165 organizovali detsk\u00e9 letn\u00e9 t\u00e1bory na chate Borda v&nbsp;oblasti Ko\u0161ick\u00fd Kle\u010denov. Uskuto\u010dnili sa dva turnusy &#8211; prv\u00fd, ur\u010den\u00fd pre dorastencov a druh\u00fd &#8211; pre mlad\u0161\u00ed \u0161kolsk\u00fd vek.&nbsp; No tento rok sme mali po\u010das dorasteneck\u00e9ho t\u00e1bora prevahu det\u00ed hrani\u010dn\u00e9ho mlad\u0161ieho veku. <\/p>\n\n\n\n<p>Tieto t\u00e1bory vynikaj\u00fa (okrem in\u00e9ho) pr\u00edvlastkom biblick\u00e9. Na\u0161ou snahou&nbsp;je pribl\u00ed\u017ei\u0165 de\u0165om ak\u00e9hoko\u013evek veku a&nbsp;p\u00f4vodu, ktor\u00e9 k&nbsp;n\u00e1m prich\u00e1dzaj\u00fa, biblick\u00e9 pr\u00edbehy a ich aplik\u00e1ciu do v\u0161edn\u00e9ho ka\u017edodenn\u00e9ho \u017eivota. Spolu tieto t\u00e9my rozober\u00e1me, spievame tematick\u00e9 piesne, hr\u00e1me hry. Predov\u0161etk\u00fdm&nbsp;db\u00e1me na to, aby mali deti priestor aj na rozhovory so star\u0161\u00edmi o \u010domko\u013evek, \u010do ich te\u0161\u00ed alebo tr\u00e1pi a nielen na z\u00e1bavu. <\/p>\n\n\n\n<p>T\u00e1bory s\u00fa financovan\u00e9 \u00fa\u010dastn\u00edkmi t\u00e1borov, ale aj v\u010faka pr\u00edspevku darcov a&nbsp;finan\u010dnou podporou holandskej nad\u00e1cie Foundation HOE (Hoolp Oost-Europa).&nbsp;Ke\u010f\u017ee chceme, aby k&nbsp;n\u00e1m v&nbsp;lete mohli prich\u00e1dza\u0165 aj deti, ktor\u00e9 si to nem\u00f4\u017eu dovoli\u0165, pr\u00e1ve t\u00e1to nad\u00e1cia n\u00e1m darovala 500 eur, v\u010faka ktor\u00fdm sme mohli prija\u0165 5 det\u00ed zo soci\u00e1lne slab\u0161\u00edch prostred\u00ed a&nbsp;t\u00e1bor mali plne hraden\u00fd.<\/p>\n\n\n\n<p>Nezah\u00e1\u013eame ani po\u010das \u0161kolsk\u00e9ho roka. Pravidelne sa stret\u00e1vame na \u0161koleniach pre ved\u00facich, kde vym\u00fd\u0161\u013eame, chyst\u00e1me a organizujeme t\u00e1bory pre nadch\u00e1dzaj\u00face leto, \u010di za\u0161ko\u013eujeme ved\u00facich a&nbsp;pomocn\u00fdch ved\u00facich, ktor\u00ed to robia vo svojom vo\u013enom \u010dase a&nbsp;dobrovo\u013ene. Aj tak\u00fdmto sp\u00f4sobom sa sna\u017e\u00edme pritiahnu\u0165 mlad\u00fdch \u013eud\u00ed ochotn\u00fdch pom\u00f4c\u0165, ke\u010f\u017ee pr\u00edprava t\u00fdchto t\u00e1borov si vy\u017eaduje nemal\u00e9 \u00fasilie. V\u010faka patr\u00ed v\u0161etk\u00fdm, ktor\u00ed prikladaj\u00fa ruku k&nbsp;dielu r\u00f4znym sp\u00f4sobom a&nbsp;sna\u017eia sa spolu s&nbsp;nami budova\u0165 bezpe\u010dn\u00fd a rozvojov\u00fd priestor pre deti a&nbsp;mlad\u00fdch \u013eud\u00ed.&nbsp;<\/p>\n","protected":false},"excerpt":{"rendered":"<p>V&nbsp;roku 2022 sme op\u00e4\u0165 organizovali detsk\u00e9 letn\u00e9 t\u00e1bory na chate Borda v&nbsp;oblasti Ko\u0161ick\u00fd Kle\u010denov. Uskuto\u010dnili sa dva turnusy &#8211; prv\u00fd, ur\u010den\u00fd pre dorastencov a druh\u00fd &#8211; pre mlad\u0161\u00ed \u0161kolsk\u00fd vek.&nbsp; No tento rok sme mali po\u010das dorasteneck\u00e9ho t\u00e1bora prevahu det\u00ed hrani\u010dn\u00e9ho mlad\u0161ieho veku. Tieto t\u00e1bory vynikaj\u00fa (okrem in\u00e9ho) pr\u00edvlastkom biblick\u00e9. Na\u0161ou snahou&nbsp;je pribl\u00ed\u017ei\u0165 de\u0165om ak\u00e9hoko\u013evek [&hellip;]<\/p>\n","protected":false},"author":1,"featured_media":214,"comment_status":"closed","ping_status":"closed","sticky":false,"template":"","format":"standard","meta":{"_monsterinsights_skip_tracking":false,"_monsterinsights_sitenote_active":false,"_monsterinsights_sitenote_note":"","_monsterinsights_sitenote_category":0,"footnotes":""},"categories":[1],"tags":[],"class_list":["post-216","post","type-post","status-publish","format-standard","has-post-thumbnail","hentry","category-nezaradene"],"yoast_head":"<!-- This site is optimized with the Yoast SEO plugin v27.3 - https:\/\/yoast.com\/product\/yoast-seo-wordpress\/ -->\n<title>Ako n\u00e1m bolo na t\u00e1boroch v roku 2022 - Biblick\u00e9 t\u00e1bory na Borde<\/title>\n<meta name=\"robots\" content=\"index, follow, max-snippet:-1, max-image-preview:large, max-video-preview:-1\" \/>\n<link rel=\"canonical\" href=\"https:\/\/www.carmel.sk\/biblicketabory\/index.php\/2023\/03\/26\/ako-nam-bolo-na-taboroch-v-roku-2022\/\" \/>\n<meta property=\"og:locale\" content=\"sk_SK\" \/>\n<meta property=\"og:type\" content=\"article\" \/>\n<meta property=\"og:title\" content=\"Ako n\u00e1m bolo na t\u00e1boroch v roku 2022 - Biblick\u00e9 t\u00e1bory na Borde\" \/>\n<meta property=\"og:description\" content=\"V&nbsp;roku 2022 sme op\u00e4\u0165 organizovali detsk\u00e9 letn\u00e9 t\u00e1bory na chate Borda v&nbsp;oblasti Ko\u0161ick\u00fd Kle\u010denov. Uskuto\u010dnili sa dva turnusy &#8211; prv\u00fd, ur\u010den\u00fd pre dorastencov a druh\u00fd &#8211; pre mlad\u0161\u00ed \u0161kolsk\u00fd vek.&nbsp; No tento rok sme mali po\u010das dorasteneck\u00e9ho t\u00e1bora prevahu det\u00ed hrani\u010dn\u00e9ho mlad\u0161ieho veku. Tieto t\u00e1bory vynikaj\u00fa (okrem in\u00e9ho) pr\u00edvlastkom biblick\u00e9. Na\u0161ou snahou&nbsp;je pribl\u00ed\u017ei\u0165 de\u0165om ak\u00e9hoko\u013evek [&hellip;]\" \/>\n<meta property=\"og:url\" content=\"https:\/\/www.carmel.sk\/biblicketabory\/index.php\/2023\/03\/26\/ako-nam-bolo-na-taboroch-v-roku-2022\/\" \/>\n<meta property=\"og:site_name\" content=\"Biblick\u00e9 t\u00e1bory na Borde\" \/>\n<meta property=\"article:published_time\" content=\"2023-03-26T07:51:03+00:00\" \/>\n<meta property=\"article:modified_time\" content=\"2023-03-26T07:56:07+00:00\" \/>\n<meta property=\"og:image\" content=\"https:\/\/www.carmel.sk\/biblicketabory\/wp-content\/uploads\/2023\/03\/Tabor-2-1.jpg\" \/>\n\t<meta property=\"og:image:width\" content=\"873\" \/>\n\t<meta property=\"og:image:height\" content=\"1164\" \/>\n\t<meta property=\"og:image:type\" content=\"image\/jpeg\" \/>\n<meta name=\"author\" content=\"admin\" \/>\n<meta name=\"twitter:card\" content=\"summary_large_image\" \/>\n<meta name=\"twitter:label1\" content=\"Autor\" \/>\n\t<meta name=\"twitter:data1\" content=\"admin\" \/>\n\t<meta name=\"twitter:label2\" content=\"Predpokladan\u00fd \u010das \u010d\u00edtania\" \/>\n\t<meta name=\"twitter:data2\" content=\"2 min\u00faty\" \/>\n<script type=\"application\/ld+json\" class=\"yoast-schema-graph\">{\"@context\":\"https:\\\/\\\/schema.org\",\"@graph\":[{\"@type\":\"Article\",\"@id\":\"https:\\\/\\\/www.carmel.sk\\\/biblicketabory\\\/index.php\\\/2023\\\/03\\\/26\\\/ako-nam-bolo-na-taboroch-v-roku-2022\\\/#article\",\"isPartOf\":{\"@id\":\"https:\\\/\\\/www.carmel.sk\\\/biblicketabory\\\/index.php\\\/2023\\\/03\\\/26\\\/ako-nam-bolo-na-taboroch-v-roku-2022\\\/\"},\"author\":{\"name\":\"admin\",\"@id\":\"https:\\\/\\\/www.carmel.sk\\\/biblicketabory\\\/#\\\/schema\\\/person\\\/1be769526dd3168e919ac291934515e0\"},\"headline\":\"Ako n\u00e1m bolo na t\u00e1boroch v roku 2022\",\"datePublished\":\"2023-03-26T07:51:03+00:00\",\"dateModified\":\"2023-03-26T07:56:07+00:00\",\"mainEntityOfPage\":{\"@id\":\"https:\\\/\\\/www.carmel.sk\\\/biblicketabory\\\/index.php\\\/2023\\\/03\\\/26\\\/ako-nam-bolo-na-taboroch-v-roku-2022\\\/\"},\"wordCount\":364,\"image\":{\"@id\":\"https:\\\/\\\/www.carmel.sk\\\/biblicketabory\\\/index.php\\\/2023\\\/03\\\/26\\\/ako-nam-bolo-na-taboroch-v-roku-2022\\\/#primaryimage\"},\"thumbnailUrl\":\"https:\\\/\\\/www.carmel.sk\\\/biblicketabory\\\/wp-content\\\/uploads\\\/2023\\\/03\\\/Tabor-2-1.jpg\",\"inLanguage\":\"sk-SK\"},{\"@type\":\"WebPage\",\"@id\":\"https:\\\/\\\/www.carmel.sk\\\/biblicketabory\\\/index.php\\\/2023\\\/03\\\/26\\\/ako-nam-bolo-na-taboroch-v-roku-2022\\\/\",\"url\":\"https:\\\/\\\/www.carmel.sk\\\/biblicketabory\\\/index.php\\\/2023\\\/03\\\/26\\\/ako-nam-bolo-na-taboroch-v-roku-2022\\\/\",\"name\":\"Ako n\u00e1m bolo na t\u00e1boroch v roku 2022 - Biblick\u00e9 t\u00e1bory na Borde\",\"isPartOf\":{\"@id\":\"https:\\\/\\\/www.carmel.sk\\\/biblicketabory\\\/#website\"},\"primaryImageOfPage\":{\"@id\":\"https:\\\/\\\/www.carmel.sk\\\/biblicketabory\\\/index.php\\\/2023\\\/03\\\/26\\\/ako-nam-bolo-na-taboroch-v-roku-2022\\\/#primaryimage\"},\"image\":{\"@id\":\"https:\\\/\\\/www.carmel.sk\\\/biblicketabory\\\/index.php\\\/2023\\\/03\\\/26\\\/ako-nam-bolo-na-taboroch-v-roku-2022\\\/#primaryimage\"},\"thumbnailUrl\":\"https:\\\/\\\/www.carmel.sk\\\/biblicketabory\\\/wp-content\\\/uploads\\\/2023\\\/03\\\/Tabor-2-1.jpg\",\"datePublished\":\"2023-03-26T07:51:03+00:00\",\"dateModified\":\"2023-03-26T07:56:07+00:00\",\"author\":{\"@id\":\"https:\\\/\\\/www.carmel.sk\\\/biblicketabory\\\/#\\\/schema\\\/person\\\/1be769526dd3168e919ac291934515e0\"},\"breadcrumb\":{\"@id\":\"https:\\\/\\\/www.carmel.sk\\\/biblicketabory\\\/index.php\\\/2023\\\/03\\\/26\\\/ako-nam-bolo-na-taboroch-v-roku-2022\\\/#breadcrumb\"},\"inLanguage\":\"sk-SK\",\"potentialAction\":[{\"@type\":\"ReadAction\",\"target\":[\"https:\\\/\\\/www.carmel.sk\\\/biblicketabory\\\/index.php\\\/2023\\\/03\\\/26\\\/ako-nam-bolo-na-taboroch-v-roku-2022\\\/\"]}]},{\"@type\":\"ImageObject\",\"inLanguage\":\"sk-SK\",\"@id\":\"https:\\\/\\\/www.carmel.sk\\\/biblicketabory\\\/index.php\\\/2023\\\/03\\\/26\\\/ako-nam-bolo-na-taboroch-v-roku-2022\\\/#primaryimage\",\"url\":\"https:\\\/\\\/www.carmel.sk\\\/biblicketabory\\\/wp-content\\\/uploads\\\/2023\\\/03\\\/Tabor-2-1.jpg\",\"contentUrl\":\"https:\\\/\\\/www.carmel.sk\\\/biblicketabory\\\/wp-content\\\/uploads\\\/2023\\\/03\\\/Tabor-2-1.jpg\",\"width\":873,\"height\":1164},{\"@type\":\"BreadcrumbList\",\"@id\":\"https:\\\/\\\/www.carmel.sk\\\/biblicketabory\\\/index.php\\\/2023\\\/03\\\/26\\\/ako-nam-bolo-na-taboroch-v-roku-2022\\\/#breadcrumb\",\"itemListElement\":[{\"@type\":\"ListItem\",\"position\":1,\"name\":\"Home\",\"item\":\"https:\\\/\\\/www.carmel.sk\\\/biblicketabory\\\/\"},{\"@type\":\"ListItem\",\"position\":2,\"name\":\"Ako n\u00e1m bolo na t\u00e1boroch v roku 2022\"}]},{\"@type\":\"WebSite\",\"@id\":\"https:\\\/\\\/www.carmel.sk\\\/biblicketabory\\\/#website\",\"url\":\"https:\\\/\\\/www.carmel.sk\\\/biblicketabory\\\/\",\"name\":\"Biblick\u00e9 t\u00e1bory na Borde\",\"description\":\"\",\"potentialAction\":[{\"@type\":\"SearchAction\",\"target\":{\"@type\":\"EntryPoint\",\"urlTemplate\":\"https:\\\/\\\/www.carmel.sk\\\/biblicketabory\\\/?s={search_term_string}\"},\"query-input\":{\"@type\":\"PropertyValueSpecification\",\"valueRequired\":true,\"valueName\":\"search_term_string\"}}],\"inLanguage\":\"sk-SK\"},{\"@type\":\"Person\",\"@id\":\"https:\\\/\\\/www.carmel.sk\\\/biblicketabory\\\/#\\\/schema\\\/person\\\/1be769526dd3168e919ac291934515e0\",\"name\":\"admin\",\"image\":{\"@type\":\"ImageObject\",\"inLanguage\":\"sk-SK\",\"@id\":\"https:\\\/\\\/secure.gravatar.com\\\/avatar\\\/76765655c3c0fdd048ae6c8899d243400a415d89896434d1b6d8f9460ca1f413?s=96&d=mm&r=g\",\"url\":\"https:\\\/\\\/secure.gravatar.com\\\/avatar\\\/76765655c3c0fdd048ae6c8899d243400a415d89896434d1b6d8f9460ca1f413?s=96&d=mm&r=g\",\"contentUrl\":\"https:\\\/\\\/secure.gravatar.com\\\/avatar\\\/76765655c3c0fdd048ae6c8899d243400a415d89896434d1b6d8f9460ca1f413?s=96&d=mm&r=g\",\"caption\":\"admin\"},\"sameAs\":[\"https:\\\/\\\/www.carmel.sk\\\/biblicketabory\"],\"url\":\"https:\\\/\\\/www.carmel.sk\\\/biblicketabory\\\/index.php\\\/author\\\/admin\\\/\"}]}<\/script>\n<!-- \/ Yoast SEO plugin. -->","yoast_head_json":{"title":"Ako n\u00e1m bolo na t\u00e1boroch v roku 2022 - Biblick\u00e9 t\u00e1bory na Borde","robots":{"index":"index","follow":"follow","max-snippet":"max-snippet:-1","max-image-preview":"max-image-preview:large","max-video-preview":"max-video-preview:-1"},"canonical":"https:\/\/www.carmel.sk\/biblicketabory\/index.php\/2023\/03\/26\/ako-nam-bolo-na-taboroch-v-roku-2022\/","og_locale":"sk_SK","og_type":"article","og_title":"Ako n\u00e1m bolo na t\u00e1boroch v roku 2022 - Biblick\u00e9 t\u00e1bory na Borde","og_description":"V&nbsp;roku 2022 sme op\u00e4\u0165 organizovali detsk\u00e9 letn\u00e9 t\u00e1bory na chate Borda v&nbsp;oblasti Ko\u0161ick\u00fd Kle\u010denov. Uskuto\u010dnili sa dva turnusy &#8211; prv\u00fd, ur\u010den\u00fd pre dorastencov a druh\u00fd &#8211; pre mlad\u0161\u00ed \u0161kolsk\u00fd vek.&nbsp; No tento rok sme mali po\u010das dorasteneck\u00e9ho t\u00e1bora prevahu det\u00ed hrani\u010dn\u00e9ho mlad\u0161ieho veku. Tieto t\u00e1bory vynikaj\u00fa (okrem in\u00e9ho) pr\u00edvlastkom biblick\u00e9. Na\u0161ou snahou&nbsp;je pribl\u00ed\u017ei\u0165 de\u0165om ak\u00e9hoko\u013evek [&hellip;]","og_url":"https:\/\/www.carmel.sk\/biblicketabory\/index.php\/2023\/03\/26\/ako-nam-bolo-na-taboroch-v-roku-2022\/","og_site_name":"Biblick\u00e9 t\u00e1bory na Borde","article_published_time":"2023-03-26T07:51:03+00:00","article_modified_time":"2023-03-26T07:56:07+00:00","og_image":[{"width":873,"height":1164,"url":"https:\/\/www.carmel.sk\/biblicketabory\/wp-content\/uploads\/2023\/03\/Tabor-2-1.jpg","type":"image\/jpeg"}],"author":"admin","twitter_card":"summary_large_image","twitter_misc":{"Autor":"admin","Predpokladan\u00fd \u010das \u010d\u00edtania":"2 min\u00faty"},"schema":{"@context":"https:\/\/schema.org","@graph":[{"@type":"Article","@id":"https:\/\/www.carmel.sk\/biblicketabory\/index.php\/2023\/03\/26\/ako-nam-bolo-na-taboroch-v-roku-2022\/#article","isPartOf":{"@id":"https:\/\/www.carmel.sk\/biblicketabory\/index.php\/2023\/03\/26\/ako-nam-bolo-na-taboroch-v-roku-2022\/"},"author":{"name":"admin","@id":"https:\/\/www.carmel.sk\/biblicketabory\/#\/schema\/person\/1be769526dd3168e919ac291934515e0"},"headline":"Ako n\u00e1m bolo na t\u00e1boroch v roku 2022","datePublished":"2023-03-26T07:51:03+00:00","dateModified":"2023-03-26T07:56:07+00:00","mainEntityOfPage":{"@id":"https:\/\/www.carmel.sk\/biblicketabory\/index.php\/2023\/03\/26\/ako-nam-bolo-na-taboroch-v-roku-2022\/"},"wordCount":364,"image":{"@id":"https:\/\/www.carmel.sk\/biblicketabory\/index.php\/2023\/03\/26\/ako-nam-bolo-na-taboroch-v-roku-2022\/#primaryimage"},"thumbnailUrl":"https:\/\/www.carmel.sk\/biblicketabory\/wp-content\/uploads\/2023\/03\/Tabor-2-1.jpg","inLanguage":"sk-SK"},{"@type":"WebPage","@id":"https:\/\/www.carmel.sk\/biblicketabory\/index.php\/2023\/03\/26\/ako-nam-bolo-na-taboroch-v-roku-2022\/","url":"https:\/\/www.carmel.sk\/biblicketabory\/index.php\/2023\/03\/26\/ako-nam-bolo-na-taboroch-v-roku-2022\/","name":"Ako n\u00e1m bolo na t\u00e1boroch v roku 2022 - Biblick\u00e9 t\u00e1bory na Borde","isPartOf":{"@id":"https:\/\/www.carmel.sk\/biblicketabory\/#website"},"primaryImageOfPage":{"@id":"https:\/\/www.carmel.sk\/biblicketabory\/index.php\/2023\/03\/26\/ako-nam-bolo-na-taboroch-v-roku-2022\/#primaryimage"},"image":{"@id":"https:\/\/www.carmel.sk\/biblicketabory\/index.php\/2023\/03\/26\/ako-nam-bolo-na-taboroch-v-roku-2022\/#primaryimage"},"thumbnailUrl":"https:\/\/www.carmel.sk\/biblicketabory\/wp-content\/uploads\/2023\/03\/Tabor-2-1.jpg","datePublished":"2023-03-26T07:51:03+00:00","dateModified":"2023-03-26T07:56:07+00:00","author":{"@id":"https:\/\/www.carmel.sk\/biblicketabory\/#\/schema\/person\/1be769526dd3168e919ac291934515e0"},"breadcrumb":{"@id":"https:\/\/www.carmel.sk\/biblicketabory\/index.php\/2023\/03\/26\/ako-nam-bolo-na-taboroch-v-roku-2022\/#breadcrumb"},"inLanguage":"sk-SK","potentialAction":[{"@type":"ReadAction","target":["https:\/\/www.carmel.sk\/biblicketabory\/index.php\/2023\/03\/26\/ako-nam-bolo-na-taboroch-v-roku-2022\/"]}]},{"@type":"ImageObject","inLanguage":"sk-SK","@id":"https:\/\/www.carmel.sk\/biblicketabory\/index.php\/2023\/03\/26\/ako-nam-bolo-na-taboroch-v-roku-2022\/#primaryimage","url":"https:\/\/www.carmel.sk\/biblicketabory\/wp-content\/uploads\/2023\/03\/Tabor-2-1.jpg","contentUrl":"https:\/\/www.carmel.sk\/biblicketabory\/wp-content\/uploads\/2023\/03\/Tabor-2-1.jpg","width":873,"height":1164},{"@type":"BreadcrumbList","@id":"https:\/\/www.carmel.sk\/biblicketabory\/index.php\/2023\/03\/26\/ako-nam-bolo-na-taboroch-v-roku-2022\/#breadcrumb","itemListElement":[{"@type":"ListItem","position":1,"name":"Home","item":"https:\/\/www.carmel.sk\/biblicketabory\/"},{"@type":"ListItem","position":2,"name":"Ako n\u00e1m bolo na t\u00e1boroch v roku 2022"}]},{"@type":"WebSite","@id":"https:\/\/www.carmel.sk\/biblicketabory\/#website","url":"https:\/\/www.carmel.sk\/biblicketabory\/","name":"Biblick\u00e9 t\u00e1bory na Borde","description":"","potentialAction":[{"@type":"SearchAction","target":{"@type":"EntryPoint","urlTemplate":"https:\/\/www.carmel.sk\/biblicketabory\/?s={search_term_string}"},"query-input":{"@type":"PropertyValueSpecification","valueRequired":true,"valueName":"search_term_string"}}],"inLanguage":"sk-SK"},{"@type":"Person","@id":"https:\/\/www.carmel.sk\/biblicketabory\/#\/schema\/person\/1be769526dd3168e919ac291934515e0","name":"admin","image":{"@type":"ImageObject","inLanguage":"sk-SK","@id":"https:\/\/secure.gravatar.com\/avatar\/76765655c3c0fdd048ae6c8899d243400a415d89896434d1b6d8f9460ca1f413?s=96&d=mm&r=g","url":"https:\/\/secure.gravatar.com\/avatar\/76765655c3c0fdd048ae6c8899d243400a415d89896434d1b6d8f9460ca1f413?s=96&d=mm&r=g","contentUrl":"https:\/\/secure.gravatar.com\/avatar\/76765655c3c0fdd048ae6c8899d243400a415d89896434d1b6d8f9460ca1f413?s=96&d=mm&r=g","caption":"admin"},"sameAs":["https:\/\/www.carmel.sk\/biblicketabory"],"url":"https:\/\/www.carmel.sk\/biblicketabory\/index.php\/author\/admin\/"}]}},"_links":{"self":[{"href":"https:\/\/www.carmel.sk\/biblicketabory\/index.php\/wp-json\/wp\/v2\/posts\/216","targetHints":{"allow":["GET"]}}],"collection":[{"href":"https:\/\/www.carmel.sk\/biblicketabory\/index.php\/wp-json\/wp\/v2\/posts"}],"about":[{"href":"https:\/\/www.carmel.sk\/biblicketabory\/index.php\/wp-json\/wp\/v2\/types\/post"}],"author":[{"embeddable":true,"href":"https:\/\/www.carmel.sk\/biblicketabory\/index.php\/wp-json\/wp\/v2\/users\/1"}],"replies":[{"embeddable":true,"href":"https:\/\/www.carmel.sk\/biblicketabory\/index.php\/wp-json\/wp\/v2\/comments?post=216"}],"version-history":[{"count":1,"href":"https:\/\/www.carmel.sk\/biblicketabory\/index.php\/wp-json\/wp\/v2\/posts\/216\/revisions"}],"predecessor-version":[{"id":217,"href":"https:\/\/www.carmel.sk\/biblicketabory\/index.php\/wp-json\/wp\/v2\/posts\/216\/revisions\/217"}],"wp:featuredmedia":[{"embeddable":true,"href":"https:\/\/www.carmel.sk\/biblicketabory\/index.php\/wp-json\/wp\/v2\/media\/214"}],"wp:attachment":[{"href":"https:\/\/www.carmel.sk\/biblicketabory\/index.php\/wp-json\/wp\/v2\/media?parent=216"}],"wp:term":[{"taxonomy":"category","embeddable":true,"href":"https:\/\/www.carmel.sk\/biblicketabory\/index.php\/wp-json\/wp\/v2\/categories?post=216"},{"taxonomy":"post_tag","embeddable":true,"href":"https:\/\/www.carmel.sk\/biblicketabory\/index.php\/wp-json\/wp\/v2\/tags?post=216"}],"curies":[{"name":"wp","href":"https:\/\/api.w.org\/{rel}","templated":true}]}}